{"id":15219,"date":"2025-01-20T10:54:52","date_gmt":"2025-01-20T13:54:52","guid":{"rendered":"https:\/\/www.confere.org.br\/wordpress\/?p=15219"},"modified":"2025-01-20T10:54:55","modified_gmt":"2025-01-20T13:54:55","slug":"2024-resolucao-no-2-140","status":"publish","type":"post","link":"https:\/\/www.confere.org.br\/wordpress\/2024-resolucao-no-2-140\/","title":{"rendered":"2024 &#8211; Resolu\u00e7\u00e3o n\u00ba 2.140"},"content":{"rendered":"\n<p>Regulamenta a concess\u00e3o de suprimentos de fundos no \u00e2mbito do Sistema Confere\/Cores, por transfer\u00eancia banc\u00e1ria e cart\u00e3o de pagamento.<\/p>\n<p><a href=\"https:\/\/www.confere.org.br\/wordpress\/wp-content\/uploads\/2025\/01\/2140-Suprimento-de-Fundos-ok.pdf\">https:\/\/www.confere.org.br\/wordpress\/wp-content\/uploads\/2025\/01\/2140-Suprimento-de-Fundos-ok.pdf<\/a><\/p>\n\n\n","protected":false},"excerpt":{"rendered":"<p>2.140, Resolu\u00e7\u00e3o, https:\/\/www.confere.org.br\/wordpress\/wp-content\/uploads\/2025\/01\/2140-Suprimento-de-Fundos-ok.pdf<\/p>\n","protected":false},"author":3,"featured_media":0,"comment_status":"closed","ping_status":"closed","sticky":false,"template":"","format":"standard","meta":[],"categories":[52],"tags":[],"_links":{"self":[{"href":"https:\/\/www.confere.org.br\/wordpress\/wp-json\/wp\/v2\/posts\/15219"}],"collection":[{"href":"https:\/\/www.confere.org.br\/wordpress\/wp-json\/wp\/v2\/posts"}],"about":[{"href":"https:\/\/www.confere.org.br\/wordpress\/wp-json\/wp\/v2\/types\/post"}],"author":[{"embeddable":true,"href":"https:\/\/www.confere.org.br\/wordpress\/wp-json\/wp\/v2\/users\/3"}],"replies":[{"embeddable":true,"href":"https:\/\/www.confere.org.br\/wordpress\/wp-json\/wp\/v2\/comments?post=15219"}],"version-history":[{"count":1,"href":"https:\/\/www.confere.org.br\/wordpress\/wp-json\/wp\/v2\/posts\/15219\/revisions"}],"predecessor-version":[{"id":15220,"href":"https:\/\/www.confere.org.br\/wordpress\/wp-json\/wp\/v2\/posts\/15219\/revisions\/15220"}],"wp:attachment":[{"href":"https:\/\/www.confere.org.br\/wordpress\/wp-json\/wp\/v2\/media?parent=15219"}],"wp:term":[{"taxonomy":"category","embeddable":true,"href":"https:\/\/www.confere.org.br\/wordpress\/wp-json\/wp\/v2\/categories?post=15219"},{"taxonomy":"post_tag","embeddable":true,"href":"https:\/\/www.confere.org.br\/wordpress\/wp-json\/wp\/v2\/tags?post=15219"}],"curies":[{"name":"wp","href":"https:\/\/api.w.org\/{rel}","templated":true}]}}