{"id":15231,"date":"2025-01-22T09:37:53","date_gmt":"2025-01-22T12:37:53","guid":{"rendered":"https:\/\/www.confere.org.br\/wordpress\/?p=15231"},"modified":"2025-04-15T16:25:56","modified_gmt":"2025-04-15T19:25:56","slug":"processo-administrativo-de-licitacao-no-12-2024-impressao-de-livretos-de-lei-de-representacao-comercial-pregao-eletronico","status":"publish","type":"post","link":"https:\/\/www.confere.org.br\/wordpress\/processo-administrativo-de-licitacao-no-12-2024-impressao-de-livretos-de-lei-de-representacao-comercial-pregao-eletronico\/","title":{"rendered":"Processo Administrativo de Licita\u00e7\u00e3o n\u00ba 12\/2024 &#8211; Impress\u00e3o de livretos de Lei de Representa\u00e7\u00e3o Comercial &#8211; Preg\u00e3o Eletr\u00f4nico n\u00ba 90001\/2025"},"content":{"rendered":"\n\n\n<ul>\n<li><a href=\"https:\/\/www.confere.org.br\/wordpress\/wp-content\/uploads\/2025\/01\/EDITAL-PREGAO-IMPRESSAO-DE-LIVRETOS.pdf\">Edital<\/a><\/li>\n<li><a href=\"https:\/\/www.confere.org.br\/wordpress\/wp-content\/uploads\/2025\/01\/Publicacao-DOU-Impressao-Grafica.pdf\">Publica\u00e7\u00e3o no DOU\u00a0<\/a><\/li>\n<li><a href=\"https:\/\/www.confere.org.br\/wordpress\/wp-content\/uploads\/2025\/01\/CONFERE-20-01.pdf\">Publica\u00e7\u00e3o no Jornal de Bras\u00edlia<\/a><\/li>\n<li>Link do PNCP: <a id=\"menur6cr\" class=\"fui-Link ___1q1shib f2hkw1w f3rmtva f1ewtqcl fyind8e f1k6fduh f1w7gpdv fk6fouc fjoy568 figsok6 f1s184ao f1mk8lai fnbmjn9 f1o700av f13mvf36 f1cmlufx f9n3di6 f1ids18y f1tx3yz7 f1deo86v f1eh06m1 f1iescvh fhgqx19 f1olyrje f1p93eir f1nev41a f1h8hb77 f1lqvz6u f10aw75t fsle3fq f17ae5zn\" title=\"https:\/\/pncp.gov.br\/app\/editais\/34046367000168\/2025\/1\" href=\"https:\/\/pncp.gov.br\/app\/editais\/34046367000168\/2025\/1\" target=\"_blank\" rel=\"noreferrer noopener\" aria-label=\"Link https:\/\/pncp.gov.br\/app\/editais\/34046367000168\/2025\/1\">https:\/\/pncp.gov.br\/app\/editais\/34046367000168\/2025\/1<\/a><\/li>\n<li>\n<div class=\"x_elementToProof\" data-olk-copy-source=\"MessageBody\"><a href=\"https:\/\/www.confere.org.br\/wordpress\/wp-content\/uploads\/2025\/03\/relatorio-termo-homologacao-38904705900012025-item-1.pdf\">Termo de Homologa\u00e7\u00e3o<\/a><\/div>\n<\/li>\n<li><a href=\"https:\/\/cnetmobile.estaleiro.serpro.gov.br\/comprasnet-web\/seguro\/governo\/selecao-fornecedores?identificador=38904705900012025&amp;etapa=AH\"><span data-olk-copy-source=\"MessageBody\">Publica\u00e7\u00e3o do procedimento<\/span><\/a><\/li>\n<li><a href=\"https:\/\/pncp.gov.br\/app\/contratos\/34046367000168\/2025\/8\"><span data-olk-copy-source=\"MessageBody\">Publica\u00e7\u00e3o do contrato<\/span><\/a><\/li>\n<li><a href=\"https:\/\/pncp.gov.br\/app\/atas\/34046367000168\/2025\/1\/1\"><span data-olk-copy-source=\"MessageBody\">Publica\u00e7\u00e3o da Ata de Registro de Pre\u00e7os<\/span><\/a><\/li>\n<li><a href=\"https:\/\/www.confere.org.br\/wordpress\/wp-content\/uploads\/2025\/04\/Contrato-de-Prestacao-de-Servicos-Livretos-Pesquisavel-Tarjado-e-comprimido.pdf\">Contrato de Presta\u00e7\u00e3o de Servi\u00e7o<\/a><\/li>\n<li><a href=\"https:\/\/www.confere.org.br\/wordpress\/wp-content\/uploads\/2025\/04\/Ata-de-Registro-de-Precos-Livretos-Tarjada.pdf\">Ata de Registro de Pre\u00e7os<\/a><\/li>\n<\/ul>\n","protected":false},"excerpt":{"rendered":"<p>Edital Publica\u00e7\u00e3o no DOU\u00a0 Publica\u00e7\u00e3o no Jornal de Bras\u00edlia Link do PNCP: https:\/\/pncp.gov.br\/app\/editais\/34046367000168\/2025\/1 Termo de Homologa\u00e7\u00e3o Publica\u00e7\u00e3o do procedimento Publica\u00e7\u00e3o do contrato Publica\u00e7\u00e3o da Ata de Registro de Pre\u00e7os Contrato de Presta\u00e7\u00e3o de Servi\u00e7o Ata de Registro de Pre\u00e7os<\/p>\n","protected":false},"author":3,"featured_media":0,"comment_status":"closed","ping_status":"closed","sticky":false,"template":"","format":"standard","meta":[],"categories":[32],"tags":[],"_links":{"self":[{"href":"https:\/\/www.confere.org.br\/wordpress\/wp-json\/wp\/v2\/posts\/15231"}],"collection":[{"href":"https:\/\/www.confere.org.br\/wordpress\/wp-json\/wp\/v2\/posts"}],"about":[{"href":"https:\/\/www.confere.org.br\/wordpress\/wp-json\/wp\/v2\/types\/post"}],"author":[{"embeddable":true,"href":"https:\/\/www.confere.org.br\/wordpress\/wp-json\/wp\/v2\/users\/3"}],"replies":[{"embeddable":true,"href":"https:\/\/www.confere.org.br\/wordpress\/wp-json\/wp\/v2\/comments?post=15231"}],"version-history":[{"count":5,"href":"https:\/\/www.confere.org.br\/wordpress\/wp-json\/wp\/v2\/posts\/15231\/revisions"}],"predecessor-version":[{"id":15907,"href":"https:\/\/www.confere.org.br\/wordpress\/wp-json\/wp\/v2\/posts\/15231\/revisions\/15907"}],"wp:attachment":[{"href":"https:\/\/www.confere.org.br\/wordpress\/wp-json\/wp\/v2\/media?parent=15231"}],"wp:term":[{"taxonomy":"category","embeddable":true,"href":"https:\/\/www.confere.org.br\/wordpress\/wp-json\/wp\/v2\/categories?post=15231"},{"taxonomy":"post_tag","embeddable":true,"href":"https:\/\/www.confere.org.br\/wordpress\/wp-json\/wp\/v2\/tags?post=15231"}],"curies":[{"name":"wp","href":"https:\/\/api.w.org\/{rel}","templated":true}]}}