{"id":15403,"date":"2025-02-07T09:51:42","date_gmt":"2025-02-07T12:51:42","guid":{"rendered":"https:\/\/www.confere.org.br\/wordpress\/?p=15403"},"modified":"2026-04-07T15:41:19","modified_gmt":"2026-04-07T18:41:19","slug":"processo-administrativo-no-018-2024-aquisicao-de-imoveis-funcionais%ef%bf%bc","status":"publish","type":"post","link":"https:\/\/www.confere.org.br\/wordpress\/processo-administrativo-no-018-2024-aquisicao-de-imoveis-funcionais%ef%bf%bc\/","title":{"rendered":"Processo Administrativo de Contrata\u00e7\u00e3o N\u00ba 018\/2024 &#8211; Aquisi\u00e7\u00e3o de Im\u00f3veis Funcionais"},"content":{"rendered":"\n<ul data-editing-info=\"{&quot;applyListStyleFromLevel&quot;:false,&quot;unorderedStyleType&quot;:2}\">\n<li>\n<div class=\"x_elementToProof\" data-olk-copy-source=\"MessageBody\"><a href=\"https:\/\/www.confere.org.br\/wordpress\/wp-content\/uploads\/2025\/02\/Edital-Chamamento-Publico-1-2025.pdf\">Edital de Chamamento P\u00fablico n\u00ba 01\/2025<\/a><\/div>\n<\/li>\n<li>\n<div class=\"x_elementToProof\"><a href=\"https:\/\/www.confere.org.br\/wordpress\/wp-content\/uploads\/2025\/02\/Publicacao-chamamento-DOU.pdf\">Publica\u00e7\u00e3o DOU<\/a><\/div>\n<\/li>\n<li>\n<div class=\"x_elementToProof\"><a href=\"https:\/\/www.confere.org.br\/wordpress\/wp-content\/uploads\/2025\/02\/CONFERE-jornal-de-grande-circulacao.pdf\">Publica\u00e7\u00e3o em jornal de grande circula\u00e7\u00e3o<\/a><\/div>\n<\/li>\n<li>\n<div class=\"x_elementToProof\" data-olk-copy-source=\"MessageBody\"><a href=\"https:\/\/www.confere.org.br\/wordpress\/wp-content\/uploads\/2025\/02\/Pedido_de_esclarecimento_-_chamamento_publico_assinado-1.pdf\">Pedido de esclarecimento n\u00ba 01<\/a><\/div>\n<\/li>\n<li><a href=\"https:\/\/www.confere.org.br\/wordpress\/wp-content\/uploads\/2025\/06\/DESPACHO_Homologacao_Imoveis_funcionais_II_assinado_final.pdf\" target=\"_blank\" rel=\"noopener\">Termo de Homologa\u00e7\u00e3o<\/a><\/li>\n<\/ul>\n\n\n","protected":false},"excerpt":{"rendered":"<p>Edital de Chamamento P\u00fablico n\u00ba 01\/2025 Publica\u00e7\u00e3o DOU Publica\u00e7\u00e3o em jornal de grande circula\u00e7\u00e3o Pedido de esclarecimento n\u00ba 01 Termo de Homologa\u00e7\u00e3o<\/p>\n","protected":false},"author":8,"featured_media":0,"comment_status":"closed","ping_status":"closed","sticky":false,"template":"","format":"standard","meta":[],"categories":[55],"tags":[],"_links":{"self":[{"href":"https:\/\/www.confere.org.br\/wordpress\/wp-json\/wp\/v2\/posts\/15403"}],"collection":[{"href":"https:\/\/www.confere.org.br\/wordpress\/wp-json\/wp\/v2\/posts"}],"about":[{"href":"https:\/\/www.confere.org.br\/wordpress\/wp-json\/wp\/v2\/types\/post"}],"author":[{"embeddable":true,"href":"https:\/\/www.confere.org.br\/wordpress\/wp-json\/wp\/v2\/users\/8"}],"replies":[{"embeddable":true,"href":"https:\/\/www.confere.org.br\/wordpress\/wp-json\/wp\/v2\/comments?post=15403"}],"version-history":[{"count":5,"href":"https:\/\/www.confere.org.br\/wordpress\/wp-json\/wp\/v2\/posts\/15403\/revisions"}],"predecessor-version":[{"id":18869,"href":"https:\/\/www.confere.org.br\/wordpress\/wp-json\/wp\/v2\/posts\/15403\/revisions\/18869"}],"wp:attachment":[{"href":"https:\/\/www.confere.org.br\/wordpress\/wp-json\/wp\/v2\/media?parent=15403"}],"wp:term":[{"taxonomy":"category","embeddable":true,"href":"https:\/\/www.confere.org.br\/wordpress\/wp-json\/wp\/v2\/categories?post=15403"},{"taxonomy":"post_tag","embeddable":true,"href":"https:\/\/www.confere.org.br\/wordpress\/wp-json\/wp\/v2\/tags?post=15403"}],"curies":[{"name":"wp","href":"https:\/\/api.w.org\/{rel}","templated":true}]}}