{"id":15464,"date":"2025-02-14T16:34:28","date_gmt":"2025-02-14T19:34:28","guid":{"rendered":"https:\/\/www.confere.org.br\/wordpress\/?p=15464"},"modified":"2025-02-14T16:34:31","modified_gmt":"2025-02-14T19:34:31","slug":"sistema-confere-cores-lanca-campanha-nacional-de-fiscalizacao-para-fortalecer-a-etica-na-representacao-comercial","status":"publish","type":"post","link":"https:\/\/www.confere.org.br\/wordpress\/sistema-confere-cores-lanca-campanha-nacional-de-fiscalizacao-para-fortalecer-a-etica-na-representacao-comercial\/","title":{"rendered":"Sistema Confere\/Cores lan\u00e7a campanha nacional de fiscaliza\u00e7\u00e3o para fortalecer a \u00e9tica na Representa\u00e7\u00e3o Comercial"},"content":{"rendered":"\n<p>A partir desta segunda-feira, 17 de fevereiro, o Sistema Confere\/Cores d\u00e1 in\u00edcio \u00e0 campanha &#8220;Fiscaliza\u00e7\u00e3o \u00e9 prote\u00e7\u00e3o para os brasileiros&#8221;, com ampla divulga\u00e7\u00e3o em suas redes sociais e canais institucionais. A a\u00e7\u00e3o tem como objetivo fortalecer a valoriza\u00e7\u00e3o da Representa\u00e7\u00e3o Comercial, assegurando que a profiss\u00e3o seja exercida com \u00e9tica, transpar\u00eancia e conformidade com as normas do setor.<\/p>\n<p>Com o tema \u201cFiscaliza\u00e7\u00e3o \u00e9 prote\u00e7\u00e3o para os brasileiros\u201d, nossa comunica\u00e7\u00e3o aborda, em uma \u00fanica fase, tr\u00eas subtemas essenciais, oferecendo uma vis\u00e3o completa do impacto do Sistema Confere\/Cores na prote\u00e7\u00e3o do mercado e na valoriza\u00e7\u00e3o dos profissionais:<\/p>\n<p><b>\u00a0\u201c<\/b><b>Fiscaliza\u00e7\u00e3o<\/b><b> para <\/b><b>exercer<\/b><b> a <\/b><b>Representa\u00e7\u00e3o<\/b> <b>Comercial<\/b><b> com <\/b><b>\u00e9tica<\/b><b>\u201d<\/b><\/p>\n<p><b>\u201c<\/b><b>\u00c9tica<\/b><b> para <\/b><b>exercer<\/b><b> a <\/b><b>Representa\u00e7\u00e3o<\/b> <b>Comercial<\/b><b> com <\/b><b>integridade<\/b><b>\u201d <\/b><\/p>\n<p><b>\u201c<\/b><b>Integridade<\/b><b> para <\/b><b>exercer<\/b><b> a <\/b><b>Representa\u00e7\u00e3o<\/b> <b>Comercial<\/b><b> com <\/b><b>seguran\u00e7a<\/b><b>\u201d<\/b><\/p>\n<p><strong>Objetivos da Campanha<\/strong><\/p>\n<ul style=\"list-style-type: square;\">\n<li>Assegurar que os representantes comerciais atuem dentro da legalidade, conforme o C\u00f3digo de \u00c9tica e Disciplina da categoria.<\/li>\n<li>Orientar e educar profissionais sobre seus direitos e deveres na profiss\u00e3o.<\/li>\n<li>Fortalecer a categoria e combater a concorr\u00eancia desleal, garantindo condi\u00e7\u00f5es justas de trabalho.<\/li>\n<li>Sensibilizar empresas e consumidores sobre a import\u00e2ncia da fiscaliza\u00e7\u00e3o para rela\u00e7\u00f5es comerciais equilibradas.<\/li>\n<li>Divulgar os canais de den\u00fancia dos Conselhos Regionais (Cores), incentivando a participa\u00e7\u00e3o ativa na den\u00fancia de pr\u00e1ticas irregulares.<\/li>\n<\/ul>\n<p><strong>Mensagens-chave da Campanha<\/strong><\/p>\n<ul style=\"list-style-type: square;\">\n<li>Fiscaliza\u00e7\u00e3o \u00e9 prote\u00e7\u00e3o para os brasileiros<\/li>\n<li>\u00c9tica fortalece o mercado e protege os bons profissionais<\/li>\n<li>O C\u00f3digo de \u00c9tica \u00e9 um compromisso com a credibilidade da Representa\u00e7\u00e3o Comercial<\/li>\n<li>Den\u00fancias s\u00e3o fundamentais para manter um ambiente comercial \u00edntegro e seguro<\/li>\n<\/ul>\n<p><strong>Acompanhe a Campanha<\/strong><\/p>\n<ul style=\"list-style-type: square;\">\n<li>Os conte\u00fados ser\u00e3o divulgados nos perfis oficiais do Confere e dos Cores.<\/li>\n<li><a href=\"https:\/\/www.confere.org.br\/codigo_etica.php\">O C\u00f3digo de \u00c9tica e Disciplina est\u00e1 dispon\u00edvel para consulta no site oficial do Confere.<\/a><\/li>\n<li><a href=\"https:\/\/www.confere.org.br\/ouvidoria_cores.php\">Os canais de den\u00fancia podem ser acessados para relatar pr\u00e1ticas irregulares com total seguran\u00e7a e confidencialidade.<\/a><\/li>\n<\/ul>\n<p>Com a participa\u00e7\u00e3o ativa de todos, a Representa\u00e7\u00e3o Comercial se fortalece, garantindo um mercado mais justo, seguro e \u00e9tico.<\/p>\n<p>\u00a0<\/p>\n\n\n","protected":false},"excerpt":{"rendered":"<p>A iniciativa foi desenvolvida para destacar a import\u00e2ncia da fun\u00e7\u00e3o fiscalizadora do Sistema Confere\/Cores em proteger os brasileiros, promovendo um mercado \u00e9tico, seguro e justo para representantes comerciais, ind\u00fastrias e a sociedade.<\/p>\n","protected":false},"author":3,"featured_media":15465,"comment_status":"closed","ping_status":"closed","sticky":false,"template":"","format":"standard","meta":[],"categories":[34,49,17],"tags":[],"_links":{"self":[{"href":"https:\/\/www.confere.org.br\/wordpress\/wp-json\/wp\/v2\/posts\/15464"}],"collection":[{"href":"https:\/\/www.confere.org.br\/wordpress\/wp-json\/wp\/v2\/posts"}],"about":[{"href":"https:\/\/www.confere.org.br\/wordpress\/wp-json\/wp\/v2\/types\/post"}],"author":[{"embeddable":true,"href":"https:\/\/www.confere.org.br\/wordpress\/wp-json\/wp\/v2\/users\/3"}],"replies":[{"embeddable":true,"href":"https:\/\/www.confere.org.br\/wordpress\/wp-json\/wp\/v2\/comments?post=15464"}],"version-history":[{"count":1,"href":"https:\/\/www.confere.org.br\/wordpress\/wp-json\/wp\/v2\/posts\/15464\/revisions"}],"predecessor-version":[{"id":15466,"href":"https:\/\/www.confere.org.br\/wordpress\/wp-json\/wp\/v2\/posts\/15464\/revisions\/15466"}],"wp:featuredmedia":[{"embeddable":true,"href":"https:\/\/www.confere.org.br\/wordpress\/wp-json\/wp\/v2\/media\/15465"}],"wp:attachment":[{"href":"https:\/\/www.confere.org.br\/wordpress\/wp-json\/wp\/v2\/media?parent=15464"}],"wp:term":[{"taxonomy":"category","embeddable":true,"href":"https:\/\/www.confere.org.br\/wordpress\/wp-json\/wp\/v2\/categories?post=15464"},{"taxonomy":"post_tag","embeddable":true,"href":"https:\/\/www.confere.org.br\/wordpress\/wp-json\/wp\/v2\/tags?post=15464"}],"curies":[{"name":"wp","href":"https:\/\/api.w.org\/{rel}","templated":true}]}}