{"id":15473,"date":"2025-02-17T12:12:47","date_gmt":"2025-02-17T15:12:47","guid":{"rendered":"https:\/\/www.confere.org.br\/wordpress\/?p=15473"},"modified":"2025-10-16T15:48:29","modified_gmt":"2025-10-16T18:48:29","slug":"processo-administrativo-009-2023-contratacao-de-servicos-de-medicina-ocupacional-pregao-eletronico-90002-2025","status":"publish","type":"post","link":"https:\/\/www.confere.org.br\/wordpress\/processo-administrativo-009-2023-contratacao-de-servicos-de-medicina-ocupacional-pregao-eletronico-90002-2025\/","title":{"rendered":"Processo Administrativo de Licita\u00e7\u00e3o n\u00ba 009\/2023 &#8211; Contrata\u00e7\u00e3o de Servi\u00e7os de Medicina Ocupacional &#8211; Preg\u00e3o Eletr\u00f4nico 90002\/2025"},"content":{"rendered":"\n<ul>\n<li><a href=\"https:\/\/www.confere.org.br\/wordpress\/wp-content\/uploads\/2025\/02\/Edital_Publicacao_Final_assinado.pdf\">Edital<\/a><\/li>\n<li><a href=\"https:\/\/www.confere.org.br\/wordpress\/wp-content\/uploads\/2025\/02\/Publicacao-DOU.pdf\">Publica\u00e7\u00e3o no DOU<\/a><\/li>\n<li><a href=\"https:\/\/www.confere.org.br\/wordpress\/wp-content\/uploads\/2025\/02\/Publicacao-CONFERE-Jornal-de-Grande-Circulacao.pdf\">Publica\u00e7\u00e3o no Jornal de Bras\u00edlia<\/a><\/li>\n<li><a href=\"https:\/\/www.confere.org.br\/wordpress\/wp-content\/uploads\/2025\/02\/Publicacao-PNCP.pdf\">Link do PNCP<\/a><\/li>\n<li><a href=\"https:\/\/www.confere.org.br\/wordpress\/wp-content\/uploads\/2025\/04\/relatorio-termo-homologacao-38904705900022025-grupo1.pdf\" target=\"_blank\" rel=\"noopener\"><span data-olk-copy-source=\"MessageBody\">Relat\u00f3rio de Homologa\u00e7\u00e3o &#8211; GRUPO I<\/span><\/a><\/li>\n<li><a href=\"https:\/\/www.confere.org.br\/wordpress\/wp-content\/uploads\/2025\/04\/relatorio-termo-homologacao-38904705900022025-item-2.pdf\" target=\"_blank\" rel=\"noopener\"><span data-olk-copy-source=\"MessageBody\">Relat\u00f3rio de Homologa\u00e7\u00e3o &#8211; ITEM 2<\/span><\/a><\/li>\n<li><a href=\"https:\/\/www.confere.org.br\/wordpress\/wp-content\/uploads\/2025\/04\/relatorio-termo-homologacao-38904705900022025-item-3.pdf\" target=\"_blank\" rel=\"noopener\"><span data-olk-copy-source=\"MessageBody\">Relat\u00f3rio de Homologa\u00e7\u00e3o &#8211; ITEM 3<\/span><\/a><\/li>\n<li><a href=\"https:\/\/www.confere.org.br\/wordpress\/wp-content\/uploads\/2025\/04\/relatorio-termo-homologacao-38904705900022025-item-4.pdf\" target=\"_blank\" rel=\"noopener\"><span data-olk-copy-source=\"MessageBody\">Relat\u00f3rio de Homologa\u00e7\u00e3o &#8211; ITEM 4<\/span><\/a><\/li>\n<li>\n<p><a href=\"https:\/\/www.confere.org.br\/wordpress\/wp-content\/uploads\/2025\/05\/Contrato-Medicina-Ocupacional-Assinado-_-Tarjado.pdf\">Contrato de Presta\u00e7\u00e3o de Servi\u00e7o de Medicina Ocupacional<\/a><\/p>\n<\/li>\n<\/ul>\n\n\n","protected":false},"excerpt":{"rendered":"<p>Edital Publica\u00e7\u00e3o no DOU Publica\u00e7\u00e3o no Jornal de Bras\u00edlia Link do PNCP Relat\u00f3rio de Homologa\u00e7\u00e3o &#8211; GRUPO I Relat\u00f3rio de Homologa\u00e7\u00e3o &#8211; ITEM 2 Relat\u00f3rio de Homologa\u00e7\u00e3o &#8211; ITEM 3 Relat\u00f3rio de Homologa\u00e7\u00e3o &#8211; ITEM 4 Contrato de Presta\u00e7\u00e3o de Servi\u00e7o de Medicina Ocupacional<\/p>\n","protected":false},"author":8,"featured_media":0,"comment_status":"closed","ping_status":"closed","sticky":false,"template":"","format":"standard","meta":[],"categories":[32],"tags":[],"_links":{"self":[{"href":"https:\/\/www.confere.org.br\/wordpress\/wp-json\/wp\/v2\/posts\/15473"}],"collection":[{"href":"https:\/\/www.confere.org.br\/wordpress\/wp-json\/wp\/v2\/posts"}],"about":[{"href":"https:\/\/www.confere.org.br\/wordpress\/wp-json\/wp\/v2\/types\/post"}],"author":[{"embeddable":true,"href":"https:\/\/www.confere.org.br\/wordpress\/wp-json\/wp\/v2\/users\/8"}],"replies":[{"embeddable":true,"href":"https:\/\/www.confere.org.br\/wordpress\/wp-json\/wp\/v2\/comments?post=15473"}],"version-history":[{"count":5,"href":"https:\/\/www.confere.org.br\/wordpress\/wp-json\/wp\/v2\/posts\/15473\/revisions"}],"predecessor-version":[{"id":17457,"href":"https:\/\/www.confere.org.br\/wordpress\/wp-json\/wp\/v2\/posts\/15473\/revisions\/17457"}],"wp:attachment":[{"href":"https:\/\/www.confere.org.br\/wordpress\/wp-json\/wp\/v2\/media?parent=15473"}],"wp:term":[{"taxonomy":"category","embeddable":true,"href":"https:\/\/www.confere.org.br\/wordpress\/wp-json\/wp\/v2\/categories?post=15473"},{"taxonomy":"post_tag","embeddable":true,"href":"https:\/\/www.confere.org.br\/wordpress\/wp-json\/wp\/v2\/tags?post=15473"}],"curies":[{"name":"wp","href":"https:\/\/api.w.org\/{rel}","templated":true}]}}