{"id":15482,"date":"2025-02-18T16:36:34","date_gmt":"2025-02-18T19:36:34","guid":{"rendered":"https:\/\/www.confere.org.br\/wordpress\/?p=15482"},"modified":"2025-10-23T16:15:57","modified_gmt":"2025-10-23T19:15:57","slug":"processo-administrativo-de-licitacao-no-02-2025-processo-de-inexigibilidade-no-02-2025-capacitacao-e-treinamento-walter-longo","status":"publish","type":"post","link":"https:\/\/www.confere.org.br\/wordpress\/processo-administrativo-de-licitacao-no-02-2025-processo-de-inexigibilidade-no-02-2025-capacitacao-e-treinamento-walter-longo\/","title":{"rendered":"Processo Administrativo de Contrata\u00e7\u00e3o Direta n\u00ba 02\/2025 \u2013  Inexigibilidade n\u00ba 02\/2025 \u2013 Capacita\u00e7\u00e3o e Treinamento &#8211; Walter Longo"},"content":{"rendered":"\n<ul>\n<li data-olk-copy-source=\"MessageBody\"><a href=\"https:\/\/www.confere.org.br\/wordpress\/wp-content\/uploads\/2025\/02\/TR-Walter-Longo-Final.pdf\">Termo de Refer\u00eancia<\/a><\/li>\n<li data-olk-copy-source=\"MessageBody\"><a href=\"https:\/\/www.confere.org.br\/wordpress\/wp-content\/uploads\/2025\/02\/Parecer-09-de-2025.pdf\">Parecer da Procuradoria n\u00ba 09\/2025<\/a><\/li>\n<li data-olk-copy-source=\"MessageBody\">Contrata\u00e7\u00e3o no PNCP <a href=\"https:\/\/pncp.gov.br\/app\/editais\/34046367000168\/2025\/5\">Portal Nacional de Contrata\u00e7\u00f5es P\u00fablicas<\/a><\/li>\n<li data-olk-copy-source=\"MessageBody\">Publica\u00e7\u00e3o do Contrato: <a id=\"OWAc440bc07-1f1e-2af9-7fa4-90b6af0a898a\" class=\"x_x_x_OWAAutoLink x_x_x_elementToProof\" title=\"https:\/\/pncp.gov.br\/app\/contratos\/34046367000168\/2025\/1\" href=\"https:\/\/pncp.gov.br\/app\/contratos\/34046367000168\/2025\/1\" target=\"_blank\" rel=\"noopener noreferrer\" data-auth=\"NotApplicable\" data-linkindex=\"3\">Portal Nacional de Contrata\u00e7\u00f5es P\u00fablicas<\/a><\/li>\n<li><a href=\"https:\/\/www.confere.org.br\/wordpress\/wp-content\/uploads\/2025\/02\/Contrato-Walter-Longo-Assinado-1_tarjado.pdf\">Contrato<\/a><\/li>\n<li>Primeiro Termo Aditivo no PNCP: <a href=\"https:\/\/pncp.gov.br\/app\/contratos\/34046367000168\/2025\/31;\" target=\"_blank\" rel=\"noopener\">https:\/\/pncp.gov.br\/app\/contratos\/34046367000168\/2025\/31;<\/a><\/li>\n<li><a href=\"https:\/\/www.confere.org.br\/wordpress\/wp-content\/uploads\/2025\/10\/Primeiro-Termo-Aditivo-Unimark-Assinado-Tarjado.pdf\" target=\"_blank\" rel=\"noopener\">Primeiro Termo Aditivo<\/a><\/li>\n<\/ul>\n\n\n","protected":false},"excerpt":{"rendered":"<p>Termo de Refer\u00eancia Parecer da Procuradoria n\u00ba 09\/2025 Contrata\u00e7\u00e3o no PNCP Portal Nacional de Contrata\u00e7\u00f5es P\u00fablicas Publica\u00e7\u00e3o do Contrato: Portal Nacional de Contrata\u00e7\u00f5es P\u00fablicas Contrato Primeiro Termo Aditivo no PNCP: https:\/\/pncp.gov.br\/app\/contratos\/34046367000168\/2025\/31; Primeiro Termo Aditivo<\/p>\n","protected":false},"author":3,"featured_media":0,"comment_status":"closed","ping_status":"closed","sticky":false,"template":"","format":"standard","meta":[],"categories":[55],"tags":[],"_links":{"self":[{"href":"https:\/\/www.confere.org.br\/wordpress\/wp-json\/wp\/v2\/posts\/15482"}],"collection":[{"href":"https:\/\/www.confere.org.br\/wordpress\/wp-json\/wp\/v2\/posts"}],"about":[{"href":"https:\/\/www.confere.org.br\/wordpress\/wp-json\/wp\/v2\/types\/post"}],"author":[{"embeddable":true,"href":"https:\/\/www.confere.org.br\/wordpress\/wp-json\/wp\/v2\/users\/3"}],"replies":[{"embeddable":true,"href":"https:\/\/www.confere.org.br\/wordpress\/wp-json\/wp\/v2\/comments?post=15482"}],"version-history":[{"count":8,"href":"https:\/\/www.confere.org.br\/wordpress\/wp-json\/wp\/v2\/posts\/15482\/revisions"}],"predecessor-version":[{"id":17531,"href":"https:\/\/www.confere.org.br\/wordpress\/wp-json\/wp\/v2\/posts\/15482\/revisions\/17531"}],"wp:attachment":[{"href":"https:\/\/www.confere.org.br\/wordpress\/wp-json\/wp\/v2\/media?parent=15482"}],"wp:term":[{"taxonomy":"category","embeddable":true,"href":"https:\/\/www.confere.org.br\/wordpress\/wp-json\/wp\/v2\/categories?post=15482"},{"taxonomy":"post_tag","embeddable":true,"href":"https:\/\/www.confere.org.br\/wordpress\/wp-json\/wp\/v2\/tags?post=15482"}],"curies":[{"name":"wp","href":"https:\/\/api.w.org\/{rel}","templated":true}]}}