{"id":15506,"date":"2025-02-26T09:42:55","date_gmt":"2025-02-26T12:42:55","guid":{"rendered":"https:\/\/www.confere.org.br\/wordpress\/?p=15506"},"modified":"2025-02-26T09:42:57","modified_gmt":"2025-02-26T12:42:57","slug":"pela-19a-semana-seguida-mercado-financeiro-eleva-previsao-da-inflacao","status":"publish","type":"post","link":"https:\/\/www.confere.org.br\/wordpress\/pela-19a-semana-seguida-mercado-financeiro-eleva-previsao-da-inflacao\/","title":{"rendered":"Pela 19\u00aa semana seguida, mercado financeiro eleva previs\u00e3o da infla\u00e7\u00e3o"},"content":{"rendered":"\n<p>A previs\u00e3o do mercado financeiro para o \u00cdndice Nacional de Pre\u00e7os ao Consumidor Amplo (IPCA) \u2013 considerado a infla\u00e7\u00e3o oficial do pa\u00eds \u2013 passou de 5,6% para 5,65% este ano. \u00c9 a 19\u00aa eleva\u00e7\u00e3o seguida na proje\u00e7\u00e3o.<\/p>\n<p>A estimativa est\u00e1 no Boletim Focus desta segunda-feira (24), pesquisa divulgada semanalmente, em Bras\u00edlia, pelo Banco Central (BC) com a expectativa de institui\u00e7\u00f5es financeiras para os principais indicadores econ\u00f4micos.<\/p>\n<p>Para 2026, a proje\u00e7\u00e3o da infla\u00e7\u00e3o tamb\u00e9m subiu de 4,35% para 4,4%. Para 2027 e 2028, as previs\u00f5es s\u00e3o de 4% e 3,79%, respectivamente.<\/p>\n<p>A estimativa para 2025 est\u00e1 acima do teto da meta de infla\u00e7\u00e3o que deve ser perseguida pelo BC. Definida pelo Conselho Monet\u00e1rio Nacional (CMN), a meta \u00e9 de 3%, com intervalo de toler\u00e2ncia de 1,5 ponto percentual para cima ou para baixo. Ou seja, o limite inferior \u00e9 1,5% e o superior 4,5%.<\/p>\n<p>Em janeiro, a infla\u00e7\u00e3o oficial perdeu for\u00e7a e ficou em 0,16% de acordo com o Instituto Brasileiro de Geografia e Estat\u00edstica (IBGE). Este \u00e9 o menor resultado para um m\u00eas de janeiro desde 1994, ou seja, desde antes do Plano Real, iniciado em julho daquele ano.<\/p>\n<p>A explica\u00e7\u00e3o para a desacelera\u00e7\u00e3o do IPCA \u00e9 o B\u00f4nus Itaipu, desconto que milh\u00f5es de brasileiros tiveram na conta de luz do m\u00eas passado.<\/p>\n<p>Em dezembro de 2024, o IPCA tinha ficado em 0,52%. A desacelera\u00e7\u00e3o n\u00e3o significa que os pre\u00e7os ficaram mais baixos, e sim que, na m\u00e9dia, subiram em menor velocidade. No acumulado de 12 meses, o IPCA soma 4,56%.<\/p>\n<h3>Juros b\u00e1sicos<\/h3>\n<p>Para alcan\u00e7ar a meta de infla\u00e7\u00e3o, o Banco Central usa como principal instrumento a taxa b\u00e1sica de juros, a Selic, definida em 13,25% ao ano pelo Comit\u00ea de Pol\u00edtica Monet\u00e1ria (Copom).<\/p>\n<p>A alta do d\u00f3lar e as incertezas em torno da infla\u00e7\u00e3o e da economia global fizeram o BC aumentar mais uma vez os juros na reuni\u00e3o de janeiro.<\/p>\n<p>Esse foi o quarto aumento seguido da Selic e consolida um ciclo de contra\u00e7\u00e3o na pol\u00edtica monet\u00e1ria. Em rela\u00e7\u00e3o \u00e0s pr\u00f3ximas reuni\u00f5es, o Copom confirmou que elevar\u00e1 a Selic em um ponto percentual na reuni\u00e3o de mar\u00e7o, mas n\u00e3o informou se as altas continuar\u00e3o na reuni\u00e3o de maio, apenas que observar\u00e1 a infla\u00e7\u00e3o.<\/p>\n<p>Para o fim de 2025, a estimativa \u00e9 que a taxa b\u00e1sica suba para 15% ao ano. Para 2026, 2027 e 2028, a previs\u00e3o \u00e9 que ela seja reduzida para 12,5% ao ano, 10,5% ao ano e 10% ao ano, respectivamente.<\/p>\n<p>Quando o Copom aumenta a taxa b\u00e1sica de juros a finalidade \u00e9 conter a demanda aquecida, e isso causa reflexos nos pre\u00e7os porque os juros mais altos encarecem o cr\u00e9dito e estimulam a poupan\u00e7a. Mas, al\u00e9m da Selic, os bancos consideram outros fatores na hora de definir os juros cobrados dos consumidores, como risco de inadimpl\u00eancia, lucro e despesas administrativas. Assim, taxas mais altas tamb\u00e9m podem dificultar a expans\u00e3o da economia.<\/p>\n<p>Quando a taxa Selic \u00e9 reduzida, a tend\u00eancia \u00e9 que o cr\u00e9dito fique mais barato, com incentivo \u00e0 produ\u00e7\u00e3o e ao consumo, reduzindo o controle sobre a infla\u00e7\u00e3o e estimulando a atividade econ\u00f4mica.<\/p>\n<h3>PIB e c\u00e2mbio<\/h3>\n<p>A proje\u00e7\u00e3o das institui\u00e7\u00f5es financeiras para o crescimento da economia brasileira se manteve em 2,01%. Para 2026, a expectativa para o PIB \u00e9 de crescimento de 1,7%. Para 2027 e 2028, o mercado financeiro estima expans\u00e3o do PIB em 2% para os dois anos.<\/p>\n<p>No terceiro trimestre de 2024, o Produto Interno Bruto (PIB &#8211; a soma dos bens e servi\u00e7os produzidos no pa\u00eds) subiu 0,9% em compara\u00e7\u00e3o com o segundo trimestre. De acordo com o IBGE, a alta acumulada no ano &#8211; de janeiro a setembro do ano passado &#8211; \u00e9 3,3%.<\/p>\n<p>O resultado oficial do PIB de 2024 ser\u00e1 divulgado em 7 de mar\u00e7o pelo IBGE. Em 2023, superando as proje\u00e7\u00f5es, a economia brasileira cresceu 3,2%. Em 2022, a taxa de expans\u00e3o foi de 3%.<\/p>\n<p>A previs\u00e3o da cota\u00e7\u00e3o do d\u00f3lar est\u00e1 em R$ 5,99 para o fim deste ano. No fim de 2026, estima-se que a moeda norte-americana fique em R$ 6.<\/p>\n<p>Fonte: Ag\u00eancia Brasil<\/p>\n","protected":false},"excerpt":{"rendered":"<p>Estimativa do IPCA sobe de 5,6% para 5,65% este ano<\/p>\n","protected":false},"author":9,"featured_media":15507,"comment_status":"closed","ping_status":"closed","sticky":false,"template":"","format":"standard","meta":[],"categories":[2],"tags":[],"_links":{"self":[{"href":"https:\/\/www.confere.org.br\/wordpress\/wp-json\/wp\/v2\/posts\/15506"}],"collection":[{"href":"https:\/\/www.confere.org.br\/wordpress\/wp-json\/wp\/v2\/posts"}],"about":[{"href":"https:\/\/www.confere.org.br\/wordpress\/wp-json\/wp\/v2\/types\/post"}],"author":[{"embeddable":true,"href":"https:\/\/www.confere.org.br\/wordpress\/wp-json\/wp\/v2\/users\/9"}],"replies":[{"embeddable":true,"href":"https:\/\/www.confere.org.br\/wordpress\/wp-json\/wp\/v2\/comments?post=15506"}],"version-history":[{"count":1,"href":"https:\/\/www.confere.org.br\/wordpress\/wp-json\/wp\/v2\/posts\/15506\/revisions"}],"predecessor-version":[{"id":15508,"href":"https:\/\/www.confere.org.br\/wordpress\/wp-json\/wp\/v2\/posts\/15506\/revisions\/15508"}],"wp:featuredmedia":[{"embeddable":true,"href":"https:\/\/www.confere.org.br\/wordpress\/wp-json\/wp\/v2\/media\/15507"}],"wp:attachment":[{"href":"https:\/\/www.confere.org.br\/wordpress\/wp-json\/wp\/v2\/media?parent=15506"}],"wp:term":[{"taxonomy":"category","embeddable":true,"href":"https:\/\/www.confere.org.br\/wordpress\/wp-json\/wp\/v2\/categories?post=15506"},{"taxonomy":"post_tag","embeddable":true,"href":"https:\/\/www.confere.org.br\/wordpress\/wp-json\/wp\/v2\/tags?post=15506"}],"curies":[{"name":"wp","href":"https:\/\/api.w.org\/{rel}","templated":true}]}}