{"id":15509,"date":"2025-02-27T10:00:10","date_gmt":"2025-02-27T13:00:10","guid":{"rendered":"https:\/\/www.confere.org.br\/wordpress\/?p=15509"},"modified":"2025-02-27T10:01:41","modified_gmt":"2025-02-27T13:01:41","slug":"confere-realiza-visita-tecnica-ao-core-rj-para-fortalecer-a-fiscalizacao-e-a-atuacao-da-categoria","status":"publish","type":"post","link":"https:\/\/www.confere.org.br\/wordpress\/confere-realiza-visita-tecnica-ao-core-rj-para-fortalecer-a-fiscalizacao-e-a-atuacao-da-categoria\/","title":{"rendered":"Confere realiza visita t\u00e9cnica ao Core-RJ para fortalecer a fiscaliza\u00e7\u00e3o e a atua\u00e7\u00e3o da categoria"},"content":{"rendered":"\n<p>Na manh\u00e3 do dia 27 de fevereiro de 2025, o Diretor Presidente do Conselho Federal de Representantes Comerciais (Confere) realizou uma visita t\u00e9cnica \u00e0 Sede do Core-RJ, no Rio de Janeiro.<\/p>\n<p>&#8220;As reuni\u00f5es visam entender e atender \u00e0s demandas espec\u00edficas dos Regionais de forma mais eficaz. Este \u00e9 um passo significativo para fortalecermos nossa atua\u00e7\u00e3o junto aos Regionais e para garantir que estejamos alinhados com suas necessidades e desafios&#8221;, explicou Archimedes Cavalcanti J\u00fanior, diretor-presidente do Confere. Ele ressaltou a import\u00e2ncia de estabelecer um di\u00e1logo cont\u00ednuo e uma parceria s\u00f3lida entre o Confere e os Conselhos Regionais, a fim de promover um ambiente mais colaborativo e eficiente para a categoria dos representantes comerciais.<\/p>\n<p>Durante a visita t\u00e9cnica, foram discutidas quest\u00f5es relacionadas \u00e0 nova campanha nacional de fiscaliza\u00e7\u00e3o &#8211; &#8221;Fiscaliza\u00e7\u00e3o \u00e9 prote\u00e7\u00e3o para os brasileiros&#8221;, para fortalecer a \u00e9tica na Representa\u00e7\u00e3o Comercial, com ampla divulga\u00e7\u00e3o nas redes sociais e canais institucionais. A a\u00e7\u00e3o tem como objetivo fortalecer a valoriza\u00e7\u00e3o da Representa\u00e7\u00e3o Comercial, assegurando que a profiss\u00e3o seja exercida com \u00e9tica, transpar\u00eancia e conformidade com as normas do setor.<\/p>\n<p>Al\u00e9m disso, foram identificadas oportunidades de melhoria e poss\u00edveis solu\u00e7\u00f5es para os desafios enfrentados pelos representantes comerciais no estado do Rio de Janeiro.<\/p>\n<p>Na foto: Archimedes Cavalcanti J\u00fanior, diretor-presidente do Confere; Dr. Izaac Pereira In\u00e1cio, Procurador-geral do Confere; Dr. Bruno Moura de Souza Le\u00e3o, Procurador-geral do Core-RJ e corpo funcional do Core-RJ.<\/p>\n","protected":false},"excerpt":{"rendered":"<p>Encontro abordou a nova campanha nacional de fiscaliza\u00e7\u00e3o e refor\u00e7ou o compromisso com a \u00e9tica e a valoriza\u00e7\u00e3o da Representa\u00e7\u00e3o Comercial<\/p>\n","protected":false},"author":9,"featured_media":15510,"comment_status":"closed","ping_status":"closed","sticky":false,"template":"","format":"standard","meta":[],"categories":[34,49],"tags":[],"_links":{"self":[{"href":"https:\/\/www.confere.org.br\/wordpress\/wp-json\/wp\/v2\/posts\/15509"}],"collection":[{"href":"https:\/\/www.confere.org.br\/wordpress\/wp-json\/wp\/v2\/posts"}],"about":[{"href":"https:\/\/www.confere.org.br\/wordpress\/wp-json\/wp\/v2\/types\/post"}],"author":[{"embeddable":true,"href":"https:\/\/www.confere.org.br\/wordpress\/wp-json\/wp\/v2\/users\/9"}],"replies":[{"embeddable":true,"href":"https:\/\/www.confere.org.br\/wordpress\/wp-json\/wp\/v2\/comments?post=15509"}],"version-history":[{"count":2,"href":"https:\/\/www.confere.org.br\/wordpress\/wp-json\/wp\/v2\/posts\/15509\/revisions"}],"predecessor-version":[{"id":15512,"href":"https:\/\/www.confere.org.br\/wordpress\/wp-json\/wp\/v2\/posts\/15509\/revisions\/15512"}],"wp:featuredmedia":[{"embeddable":true,"href":"https:\/\/www.confere.org.br\/wordpress\/wp-json\/wp\/v2\/media\/15510"}],"wp:attachment":[{"href":"https:\/\/www.confere.org.br\/wordpress\/wp-json\/wp\/v2\/media?parent=15509"}],"wp:term":[{"taxonomy":"category","embeddable":true,"href":"https:\/\/www.confere.org.br\/wordpress\/wp-json\/wp\/v2\/categories?post=15509"},{"taxonomy":"post_tag","embeddable":true,"href":"https:\/\/www.confere.org.br\/wordpress\/wp-json\/wp\/v2\/tags?post=15509"}],"curies":[{"name":"wp","href":"https:\/\/api.w.org\/{rel}","templated":true}]}}