{"id":15513,"date":"2025-02-28T11:28:42","date_gmt":"2025-02-28T14:28:42","guid":{"rendered":"https:\/\/www.confere.org.br\/wordpress\/?p=15513"},"modified":"2025-02-28T11:29:28","modified_gmt":"2025-02-28T14:29:28","slug":"nova-diretoria-do-core-pr-toma-posse-para-o-trienio-2025-2028","status":"publish","type":"post","link":"https:\/\/www.confere.org.br\/wordpress\/nova-diretoria-do-core-pr-toma-posse-para-o-trienio-2025-2028\/","title":{"rendered":"Nova diretoria do Core-PR toma posse para o tri\u00eanio 2025-2028"},"content":{"rendered":"\n<p>A cerim\u00f4nia, realizada na sede do Core-PR, foi transmitida para todo o Brasil via plataforma Zoom. \u201cQueria agradecer a nossa equipe interna, primeiramente, por estarem sempre nos apoiando nas a\u00e7\u00f5es para que elas se concretizem. Da mesma forma, aos dirigentes, que trouxeram o Core-PR at\u00e9 aqui. A mudan\u00e7a de ares \u00e9 uma necessidade. Estamos trazendo sangue novo para oxigenar o sistema. N\u00f3s queremos ampliar e dar mais dinamismo ao Core-PR\u201d, destacou o presidente do Core-PR, Paulo C\u00e9sar Nauiack, que foi reeleito ao cargo.<\/p>\n<p>Para o presidente do Confere, Archimedes Cavalcanti J\u00fanior, trata-se de um momento singular para o Core-PR. \u201cEstamos aqui n\u00e3o s\u00f3 para celebrar a grandiosidade desse estado e o papel indispens\u00e1vel do Core-PR, atrav\u00e9s dos seus registrados e dos seus dirigentes, como agentes transformadores da economia, da pol\u00edtica e da sociedade, mas tamb\u00e9m pela import\u00e2ncia que este momento simboliza. \u00c9 um novo momento da Representa\u00e7\u00e3o Comercial no Brasil e, em especial, no Paran\u00e1\u201d, destacou.<\/p>\n<p>Para Archimedes, o Core-PR, em sua nova gest\u00e3o, assume um papel ainda mais relevante: o de ser um provedor de boas pr\u00e1ticas administrativas, inspirando os demais conselhos regionais a seguirem o seu exemplo. \u201cA renova\u00e7\u00e3o implementada hoje, com novos conselheiros e foco no interior do estado, demonstra uma vis\u00e3o inclusiva e democr\u00e1tica, ao reconhecer que o desenvolvimento n\u00e3o se concentra apenas nas capitais, fortalecendo a legitimidade do Conselho e o seu impacto\u201d, concluiu.<\/p>\n<p>\u00a0<\/p>\n<p><strong>DIRETORIA ELEITA CORE-PR \u2013 TRI\u00caNIO 2025-2028 <\/strong><\/p>\n<p>\u00a0<\/p>\n<p><strong>DIRETORIA-EXECUTIVA<\/strong><\/p>\n<p>Diretor-Presidente: Paulo C\u00e9sar Nauiack<\/p>\n<p>Vice-Presidente: Celso Luis de Andrade<\/p>\n<p>Diretor-Secret\u00e1rio: Ottilio M\u00f4naco<\/p>\n<p>Diretor-Tesoureiro: Marcio Borges Laurentino<\/p>\n<p>\u00a0<\/p>\n<p><strong>CONSELHEIROS COMPONENTES DA COMISS\u00c3O FISCAL &#8211; Membros Efetivos: <\/strong><\/p>\n<p>Celso Machado<\/p>\n<p>Geraldo de Freitas<\/p>\n<p>Jo\u00e3o Maria Villela<\/p>\n<p>\u00a0<\/p>\n<p><strong>CONSELHEIROS DIRETORES SUPLENTES:<\/strong><\/p>\n<p>1\u00ba Diretor Suplente: Vinicius Schlichta<\/p>\n<p>2\u00ba Diretor Suplente: Arno Valberto Grahl<\/p>\n<p>3\u00ba Diretor Suplente: Creuza Aparecida dos Santos<\/p>\n<p>4\u00ba Diretor Suplente: Alessandro Cleber Loureiro Kr\u00fcger<\/p>\n<p>5\u00ba Diretor Suplente: Juliano Leonor<\/p>\n<p>\u00a0<\/p>\n<p><strong>DELEGADOS REPRESENTANTES JUNTO AO CONFERE: <\/strong><\/p>\n<p>Efetivos: Paulo C\u00e9sar Nauiack e Celso Luis de Andrade<\/p>\n<p>Suplentes: Marcio Borges Laurentino e Ottilio M\u00f4naco<\/p>\n","protected":false},"excerpt":{"rendered":"<p>No final da tarde desta quarta-feira (26), a nova diretoria do Core-PR tomou posse para o tri\u00eanio 2025-2028<\/p>\n","protected":false},"author":8,"featured_media":15514,"comment_status":"closed","ping_status":"closed","sticky":false,"template":"","format":"standard","meta":[],"categories":[34,49,17],"tags":[],"_links":{"self":[{"href":"https:\/\/www.confere.org.br\/wordpress\/wp-json\/wp\/v2\/posts\/15513"}],"collection":[{"href":"https:\/\/www.confere.org.br\/wordpress\/wp-json\/wp\/v2\/posts"}],"about":[{"href":"https:\/\/www.confere.org.br\/wordpress\/wp-json\/wp\/v2\/types\/post"}],"author":[{"embeddable":true,"href":"https:\/\/www.confere.org.br\/wordpress\/wp-json\/wp\/v2\/users\/8"}],"replies":[{"embeddable":true,"href":"https:\/\/www.confere.org.br\/wordpress\/wp-json\/wp\/v2\/comments?post=15513"}],"version-history":[{"count":2,"href":"https:\/\/www.confere.org.br\/wordpress\/wp-json\/wp\/v2\/posts\/15513\/revisions"}],"predecessor-version":[{"id":15516,"href":"https:\/\/www.confere.org.br\/wordpress\/wp-json\/wp\/v2\/posts\/15513\/revisions\/15516"}],"wp:featuredmedia":[{"embeddable":true,"href":"https:\/\/www.confere.org.br\/wordpress\/wp-json\/wp\/v2\/media\/15514"}],"wp:attachment":[{"href":"https:\/\/www.confere.org.br\/wordpress\/wp-json\/wp\/v2\/media?parent=15513"}],"wp:term":[{"taxonomy":"category","embeddable":true,"href":"https:\/\/www.confere.org.br\/wordpress\/wp-json\/wp\/v2\/categories?post=15513"},{"taxonomy":"post_tag","embeddable":true,"href":"https:\/\/www.confere.org.br\/wordpress\/wp-json\/wp\/v2\/tags?post=15513"}],"curies":[{"name":"wp","href":"https:\/\/api.w.org\/{rel}","templated":true}]}}