{"id":15517,"date":"2025-02-28T13:37:13","date_gmt":"2025-02-28T16:37:13","guid":{"rendered":"https:\/\/www.confere.org.br\/wordpress\/?p=15517"},"modified":"2025-02-28T13:37:16","modified_gmt":"2025-02-28T16:37:16","slug":"condicoes-especiais-para-pagamento-da-anuidade-de-2025","status":"publish","type":"post","link":"https:\/\/www.confere.org.br\/wordpress\/condicoes-especiais-para-pagamento-da-anuidade-de-2025\/","title":{"rendered":"Condi\u00e7\u00f5es especiais para pagamento da anuidade de 2025"},"content":{"rendered":"\n<p>Para pagamentos realizados at\u00e9 31 de mar\u00e7o, h\u00e1 um desconto de 10%. A anuidade tamb\u00e9m pode ser parcelada em at\u00e9 tr\u00eas vezes, sem desconto, com vencimentos nas seguintes datas:<\/p>\n<ul>\n<li>1\u00aa parcela: 30 de abril;<\/li>\n<li>2\u00aa parcela: 31 de agosto;<\/li>\n<li>3\u00aa parcela: 31 de dezembro.<\/li>\n<\/ul>\n<p>Pagamentos realizados ap\u00f3s essas datas estar\u00e3o sujeitos a multa de 2%, juros de mora de 1% ao m\u00eas e corre\u00e7\u00e3o monet\u00e1ria conforme o \u00edndice oficial de pre\u00e7os ao consumidor.<\/p>\n<p><strong>Informa\u00e7\u00f5es adicionais<\/strong><\/p>\n<ul>\n<li>Empresas com filiais ou representa\u00e7\u00f5es em jurisdi\u00e7\u00e3o de outro Conselho Regional pagar\u00e3o anuidade de at\u00e9 50% do valor pago pela matriz.<\/li>\n<li>Representantes comerciais, pessoas f\u00edsicas, que atuam como respons\u00e1veis t\u00e9cnicos de pessoas jur\u00eddicas devidamente registradas, pagar\u00e3o anuidade correspondente a 50% do valor devido pelos demais profissionais aut\u00f4nomos.<\/li>\n<\/ul>\n<p>Para manter a regularidade, acesse o portal do seu Conselho Regional e emita o boleto caso ainda n\u00e3o o tenha recebido.<\/p>\n<p>Consulte os contatos dos Conselhos Regionais aqui: <a href=\"https:\/\/www.confere.org.br\/enderecos.php\">https:\/\/www.confere.org.br\/enderecos.php<\/a>.<\/p>\n","protected":false},"excerpt":{"rendered":"<p>Descontos e parcelamento garantem flexibilidade para manter a regularidade profissional<\/p>\n","protected":false},"author":9,"featured_media":15518,"comment_status":"closed","ping_status":"closed","sticky":false,"template":"","format":"standard","meta":[],"categories":[34,49],"tags":[],"_links":{"self":[{"href":"https:\/\/www.confere.org.br\/wordpress\/wp-json\/wp\/v2\/posts\/15517"}],"collection":[{"href":"https:\/\/www.confere.org.br\/wordpress\/wp-json\/wp\/v2\/posts"}],"about":[{"href":"https:\/\/www.confere.org.br\/wordpress\/wp-json\/wp\/v2\/types\/post"}],"author":[{"embeddable":true,"href":"https:\/\/www.confere.org.br\/wordpress\/wp-json\/wp\/v2\/users\/9"}],"replies":[{"embeddable":true,"href":"https:\/\/www.confere.org.br\/wordpress\/wp-json\/wp\/v2\/comments?post=15517"}],"version-history":[{"count":1,"href":"https:\/\/www.confere.org.br\/wordpress\/wp-json\/wp\/v2\/posts\/15517\/revisions"}],"predecessor-version":[{"id":15519,"href":"https:\/\/www.confere.org.br\/wordpress\/wp-json\/wp\/v2\/posts\/15517\/revisions\/15519"}],"wp:featuredmedia":[{"embeddable":true,"href":"https:\/\/www.confere.org.br\/wordpress\/wp-json\/wp\/v2\/media\/15518"}],"wp:attachment":[{"href":"https:\/\/www.confere.org.br\/wordpress\/wp-json\/wp\/v2\/media?parent=15517"}],"wp:term":[{"taxonomy":"category","embeddable":true,"href":"https:\/\/www.confere.org.br\/wordpress\/wp-json\/wp\/v2\/categories?post=15517"},{"taxonomy":"post_tag","embeddable":true,"href":"https:\/\/www.confere.org.br\/wordpress\/wp-json\/wp\/v2\/tags?post=15517"}],"curies":[{"name":"wp","href":"https:\/\/api.w.org\/{rel}","templated":true}]}}