{"id":15527,"date":"2025-02-28T14:28:38","date_gmt":"2025-02-28T17:28:38","guid":{"rendered":"https:\/\/www.confere.org.br\/wordpress\/?p=15527"},"modified":"2025-03-26T09:54:07","modified_gmt":"2025-03-26T12:54:07","slug":"dispensa-eletronica-no-90-005-2025-aquisicao-de-materiais-de-generos-alimenticios-de-limpeza-e-de-expediente","status":"publish","type":"post","link":"https:\/\/www.confere.org.br\/wordpress\/dispensa-eletronica-no-90-005-2025-aquisicao-de-materiais-de-generos-alimenticios-de-limpeza-e-de-expediente\/","title":{"rendered":"Dispensa Eletr\u00f4nica N\u00ba 90.005\/2025\u00a0&#8211; Aquisi\u00e7\u00e3o de Materiais de G\u00eaneros Aliment\u00edcios, de Limpeza e de Expediente"},"content":{"rendered":"\n<ul data-editing-info=\"{&quot;orderedStyleType&quot;:1,&quot;unorderedStyleType&quot;:1}\">\n<li>\n<div data-olk-copy-source=\"MessageBody\"><a href=\"https:\/\/www.confere.org.br\/wordpress\/wp-content\/uploads\/2025\/02\/TR-REG1.pdf\">Termo de Refer\u00eancia<\/a><\/div>\n<\/li>\n<li>\n<div class=\"x_elementToProof\">Link PNCP:\u00a0<a id=\"LPlnk304108\" class=\"x_OWAAutoLink\" title=\"https:\/\/pncp.gov.br\/app\/editais\/34046367000168\/2025\/7\" href=\"https:\/\/pncp.gov.br\/app\/editais\/34046367000168\/2025\/7\" target=\"_blank\" rel=\"noopener noreferrer\" data-auth=\"NotApplicable\" data-linkindex=\"0\">https:\/\/pncp.gov.br\/app\/editais\/34046367000168\/2025\/7<\/a><\/div>\n<\/li>\n<li>\n<div><a href=\"https:\/\/www.confere.org.br\/wordpress\/wp-content\/uploads\/2025\/02\/Autorizacao-Presidente-Nova-Dispensa.pdf\">Autoriza\u00e7\u00e3o do\u00a0Ordenador de Despesa<\/a><\/div>\n<\/li>\n<li><a href=\"https:\/\/www.confere.org.br\/wordpress\/wp-content\/uploads\/2025\/03\/relatorio-dispensa-38904706900052025.pdf\">Relat\u00f3rio Homologado<\/a><\/li>\n<li>\n<div class=\"x_elementToProof\">Data da sess\u00e3o: 07\/03\/2025<\/div>\n<\/li>\n<\/ul>\n","protected":false},"excerpt":{"rendered":"<p>Termo de Refer\u00eancia Link PNCP:\u00a0https:\/\/pncp.gov.br\/app\/editais\/34046367000168\/2025\/7 Autoriza\u00e7\u00e3o do\u00a0Ordenador de Despesa Relat\u00f3rio Homologado Data da sess\u00e3o: 07\/03\/2025<\/p>\n","protected":false},"author":7,"featured_media":0,"comment_status":"closed","ping_status":"closed","sticky":false,"template":"","format":"standard","meta":[],"categories":[60],"tags":[],"_links":{"self":[{"href":"https:\/\/www.confere.org.br\/wordpress\/wp-json\/wp\/v2\/posts\/15527"}],"collection":[{"href":"https:\/\/www.confere.org.br\/wordpress\/wp-json\/wp\/v2\/posts"}],"about":[{"href":"https:\/\/www.confere.org.br\/wordpress\/wp-json\/wp\/v2\/types\/post"}],"author":[{"embeddable":true,"href":"https:\/\/www.confere.org.br\/wordpress\/wp-json\/wp\/v2\/users\/7"}],"replies":[{"embeddable":true,"href":"https:\/\/www.confere.org.br\/wordpress\/wp-json\/wp\/v2\/comments?post=15527"}],"version-history":[{"count":7,"href":"https:\/\/www.confere.org.br\/wordpress\/wp-json\/wp\/v2\/posts\/15527\/revisions"}],"predecessor-version":[{"id":17076,"href":"https:\/\/www.confere.org.br\/wordpress\/wp-json\/wp\/v2\/posts\/15527\/revisions\/17076"}],"wp:attachment":[{"href":"https:\/\/www.confere.org.br\/wordpress\/wp-json\/wp\/v2\/media?parent=15527"}],"wp:term":[{"taxonomy":"category","embeddable":true,"href":"https:\/\/www.confere.org.br\/wordpress\/wp-json\/wp\/v2\/categories?post=15527"},{"taxonomy":"post_tag","embeddable":true,"href":"https:\/\/www.confere.org.br\/wordpress\/wp-json\/wp\/v2\/tags?post=15527"}],"curies":[{"name":"wp","href":"https:\/\/api.w.org\/{rel}","templated":true}]}}