{"id":15614,"date":"2025-03-25T14:56:53","date_gmt":"2025-03-25T17:56:53","guid":{"rendered":"https:\/\/www.confere.org.br\/wordpress\/?p=15614"},"modified":"2025-03-25T15:04:26","modified_gmt":"2025-03-25T18:04:26","slug":"sistema-confere-cores-elege-diretoria-para-o-trienio-2025-2028","status":"publish","type":"post","link":"https:\/\/www.confere.org.br\/wordpress\/sistema-confere-cores-elege-diretoria-para-o-trienio-2025-2028\/","title":{"rendered":"Sistema Confere\/Cores elege Diretoria para o tri\u00eanio 2025\/2028"},"content":{"rendered":"\n<p>Na manh\u00e3 desta ter\u00e7a-feira (25\/03), a chapa Avan\u00e7ar Juntos foi eleita para comandar o Confere durante o tri\u00eanio 2025\/2028. O atual diretor-presidente, Archimedes Cavalcanti J\u00fanior, foi reconduzido ao cargo, assim com o diretor-Secret\u00e1rio, Jo\u00e3o Pedro da Silva Rosa, e o diretor-Tesoureiro que estava como interino, Hely Ricardo de Lima. \u201cO nome da nossa chapa n\u00e3o foi escolhido \u00e0 toa. Juntos transmite a ideia de que a gest\u00e3o \u00e9 inclusiva e valoriza a participa\u00e7\u00e3o de todos os envolvidos. Avan\u00e7ar sugere movimento para o progresso e o desenvolvimento cont\u00ednuo. Progresso e futuro, refletindo a nossa vis\u00e3o de futuro e o compromisso com a melhoria constante do Sistema Confere\/Cores\u201d, destacou o diretor-presidente, Archimedes Cavalcanti J\u00fanior.<\/p>\n<p>Na ocasi\u00e3o, tamb\u00e9m foram eleitos Francisco de Assis Philomeno Gomes J\u00fanior e Ant\u00f4nio Jos\u00e9 Maciel Ribeiro, como 1\u00ba e 2\u00ba diretores-Suplente, respectivamente; e os membros da Comiss\u00e3o Fiscal: Milton Carlos da Silva, como presidente; Francisco Sales de Souza Neto, como 2\u00ba membro efetivo; Arthur Georges Guillou, como 3\u00ba membro efetivo; e Marcos Ant\u00f4nio de Oliveira Silva, como membro suplente.<\/p>\n<p>Durante o evento, o presidente Archimedes nomeou 15 delegados como diretores de Representa\u00e7\u00e3o Institucional do Sistema Confere\/Cores, para que possam representar o Confere. \u201cAl\u00e9m de uma homenagem a aqueles que j\u00e1 representam os Conselho Regionais, eles poder\u00e3o representar o Conselho Federal nas mais diversas ocasi\u00f5es. Isso garante que o Confere esteja presente em todas as regi\u00f5es do pa\u00eds, refor\u00e7ando a sua capilaridade e conex\u00e3o com os representantes e ajudando na constru\u00e7\u00e3o de uma imagem s\u00f3lida do Sistema\u201d, afirmou o presidente.<\/p>\n<p>Tamb\u00e9m foram nomeados como diretores Filipe Xavier Moraes de Almeida e Davi Aparecido da Silva Pereira, \u00e0 frente da \u00e1rea de Transforma\u00e7\u00e3o Digital e Seguran\u00e7a Cibern\u00e9tica; Lu\u00eds Jos\u00e9 de Menezes e Souza e Roberto Salvo, da Articula\u00e7\u00e3o com Poderes P\u00fablicos; e Marconi Barros dos Santos e Petr\u00facio da Silva, de Comunica\u00e7\u00e3o Institucional.<\/p>\n<p>Outros 16 delegados passaram a integrar as comiss\u00f5es de Orienta\u00e7\u00e3o, Fiscaliza\u00e7\u00e3o, \u00c9tica e Disciplina; de Conformidade, Governan\u00e7a e Integridade; e Honraria e M\u00e9rito; al\u00e9m de 6 delegados nomeados como membros do Centro de Servi\u00e7os Compartilhados.<\/p>\n<p><strong>\u00a0<\/strong><\/p>\n<p><strong>Chapa Avan\u00e7ar Juntos<\/strong><\/p>\n<p><strong>\u00a0<\/strong><\/p>\n<p><strong>Diretor-Presidente<\/strong>: Archimedes Cavalcanti J\u00fanior<\/p>\n<p><strong>Diretor-Secret\u00e1rio<\/strong>: Jo\u00e3o Pedro da Silva Rosa<\/p>\n<p><strong>Diretor-Tesoureiro<\/strong>: Hely Ricardo de Lima<\/p>\n<p><strong>1\u00ba Diretor-Suplente<\/strong>: Francisco de Assis Philomeno Gomes J\u00fanior<\/p>\n<p><strong>2\u00ba Diretor-Suplente<\/strong>: Ant\u00f4nio Jos\u00e9 Maciel Ribeiro<\/p>\n<p><strong>Comiss\u00e3o Fiscal<\/strong>: 1\u00ba Membro Efetivo \u2013 Presidente: Milton Carlos da Silva<\/p>\n<p><strong>2\u00ba Membro Efetivo<\/strong>: Francisco Sales de Souza Neto<\/p>\n<p><strong>3\u00ba Membro Efetivo<\/strong>: Arthur Georges Guillou<\/p>\n<p><strong>Membro Suplente<\/strong>: Marcos Ant\u00f4nio de Oliveira Silva<\/p>\n<p><strong><u>\u00a0<\/u><\/strong><\/p>\n<p><strong><u>NOMEA\u00c7\u00d5ES<\/u><\/strong><\/p>\n<p>\u00a0<\/p>\n<p><strong>DIRETOR DE REPRESENTA\u00c7\u00c3O INSTITUCIONAL:<\/strong><\/p>\n<p>Alexandre Ferreira Lopes<\/p>\n<p>Emerson Natal de Almeida Sousa<\/p>\n<p>Gilvan Farias Lima<\/p>\n<p>Henrique Risquetti Zampieri<\/p>\n<p>Herval D\u00f3rea da Silva<\/p>\n<p>Jairo Jorge Duarte de Rezende<\/p>\n<p>Jo\u00e3o Carlos Gasparetto<\/p>\n<p>Jos\u00e9 Ant\u00f4nio de Ara\u00fajo<\/p>\n<p>Jos\u00e9 Luiz Abrantes Pereira<\/p>\n<p>Josias da Silveira Fran\u00e7a<\/p>\n<p>Manoel Baia Siqueira Neto<\/p>\n<p>Marcelo Marino Simonetti<\/p>\n<p>Marcelo Martino E Silva<\/p>\n<p>Paulo Cesar Nauiack<\/p>\n<p>Willian Vicente Bernardes<\/p>\n<p><strong>\u00a0<\/strong><\/p>\n<p><strong>DIRETOR DE TRANSFORMA\u00c7\u00c3O DIGITAL E SEGURAN\u00c7A CIBERN\u00c9TICA:<\/strong><\/p>\n<p>Davi Aparecido Silva Pereira<\/p>\n<p>Filipe Xavier Moraes de Almeida<\/p>\n<p>\u00a0<\/p>\n<p><strong>DIRETOR DE ARTICULA\u00c7\u00c3O COM PODERES P\u00daBLICOS: <\/strong><\/p>\n<p>Luis Jos\u00e9 De Menezes E Souza<\/p>\n<p>Roberto Salvo<\/p>\n<p>\u00a0<\/p>\n<p><strong>DIRETOR DE COMUNICA\u00c7\u00c3O INSTITUCIONAL:<\/strong><\/p>\n<p>Marconi Barros Dos Santos<\/p>\n<p>Petrucio Da Silva<\/p>\n<p>\u00a0<\/p>\n<p><strong>COMISS\u00c3O DE ORIENTA\u00c7\u00c3O, FISCALIZA\u00c7\u00c3O, \u00c9TICA E DISCIPLINA:<\/strong><\/p>\n<p>Alan Cosine Soares<\/p>\n<p>Celso Luis De Andrade<\/p>\n<p>Francisco De Assis Philomeno Gomes Junior<\/p>\n<p>Jos\u00e9 Eurico Silva Oliveira<\/p>\n<p>Jos\u00e9 Maria Claudio Junior<\/p>\n<p>Roberto Moaci Campos Drumond<\/p>\n<p>\u00a0<\/p>\n<p><strong>COMISS\u00c3O DE CONFORMIDADE, GOVERNAN\u00c7A E INTEGRIDADE:<\/strong><\/p>\n<p>Adri\u00e3o Rodrigues De Lima Neto<\/p>\n<p>Fernando Hebia Dias<\/p>\n<p>Jo\u00e3o De Souza<\/p>\n<p>Maur\u00edcio Pereira Da Silva<\/p>\n<p>Rita De C\u00e1ssia De Oliveira<\/p>\n<p>\u00a0<\/p>\n<p><strong>COMISS\u00c3O DE HONRARIA E M\u00c9RITO:<\/strong><\/p>\n<p>Augusto Gomes Dourado Neto<\/p>\n<p>Jaciel Barreto Lopes<\/p>\n<p>Jos\u00e9 Soares Barbosa<\/p>\n<p>Lionezio Duarte Rezende<\/p>\n<p>Romeu Capra<\/p>\n<p>\u00a0<\/p>\n<p><strong>CENTRO DE SERVI\u00c7OS COMPARTILHADOS:<\/strong><\/p>\n<p>Carlos Jos\u00e9 Moreira Cotta<\/p>\n<p>Jos\u00e9 Luiz Abrantes Pereira<\/p>\n<p>Jos\u00e9 Valdeci Pinto Rodrigues<\/p>\n<p>Marcelo Martino E Silva<\/p>\n<p>Orivaldo Besen<\/p>\n<p>Paulo Cesar Nauiack<\/p>\n","protected":false},"excerpt":{"rendered":"<p>Na manh\u00e3 desta ter\u00e7a-feira (25\/03), a chapa Avan\u00e7ar Juntos foi eleita para comandar o Confere durante o tri\u00eanio 2025\/2028<\/p>\n","protected":false},"author":8,"featured_media":15615,"comment_status":"closed","ping_status":"closed","sticky":false,"template":"","format":"standard","meta":[],"categories":[34,49],"tags":[],"_links":{"self":[{"href":"https:\/\/www.confere.org.br\/wordpress\/wp-json\/wp\/v2\/posts\/15614"}],"collection":[{"href":"https:\/\/www.confere.org.br\/wordpress\/wp-json\/wp\/v2\/posts"}],"about":[{"href":"https:\/\/www.confere.org.br\/wordpress\/wp-json\/wp\/v2\/types\/post"}],"author":[{"embeddable":true,"href":"https:\/\/www.confere.org.br\/wordpress\/wp-json\/wp\/v2\/users\/8"}],"replies":[{"embeddable":true,"href":"https:\/\/www.confere.org.br\/wordpress\/wp-json\/wp\/v2\/comments?post=15614"}],"version-history":[{"count":3,"href":"https:\/\/www.confere.org.br\/wordpress\/wp-json\/wp\/v2\/posts\/15614\/revisions"}],"predecessor-version":[{"id":15618,"href":"https:\/\/www.confere.org.br\/wordpress\/wp-json\/wp\/v2\/posts\/15614\/revisions\/15618"}],"wp:featuredmedia":[{"embeddable":true,"href":"https:\/\/www.confere.org.br\/wordpress\/wp-json\/wp\/v2\/media\/15615"}],"wp:attachment":[{"href":"https:\/\/www.confere.org.br\/wordpress\/wp-json\/wp\/v2\/media?parent=15614"}],"wp:term":[{"taxonomy":"category","embeddable":true,"href":"https:\/\/www.confere.org.br\/wordpress\/wp-json\/wp\/v2\/categories?post=15614"},{"taxonomy":"post_tag","embeddable":true,"href":"https:\/\/www.confere.org.br\/wordpress\/wp-json\/wp\/v2\/tags?post=15614"}],"curies":[{"name":"wp","href":"https:\/\/api.w.org\/{rel}","templated":true}]}}