{"id":15669,"date":"2025-03-28T13:12:25","date_gmt":"2025-03-28T16:12:25","guid":{"rendered":"https:\/\/www.confere.org.br\/wordpress\/?p=15669"},"modified":"2025-03-28T13:12:51","modified_gmt":"2025-03-28T16:12:51","slug":"desemprego-sobe-para-68-mas-e-o-menor-do-trimestre-desde-2014","status":"publish","type":"post","link":"https:\/\/www.confere.org.br\/wordpress\/desemprego-sobe-para-68-mas-e-o-menor-do-trimestre-desde-2014\/","title":{"rendered":"Desemprego sobe para 6,8%, mas \u00e9 o menor do trimestre desde 2014"},"content":{"rendered":"\n<p>A taxa de desocupa\u00e7\u00e3o no trimestre encerrado em fevereiro \u00e9 de 6,8%. O resultado fica 0,7 ponto percentual acima do registrado no trimestre m\u00f3vel anterior, terminado em novembro de 2024 (6,1%). No entanto, \u00e9 a menor para um trimestre encerrado em fevereiro desde 2014, quando marcou 6,8%.<img src=\"https:\/\/agenciabrasil.ebc.com.br\/ebc.png?id=1636573&amp;o=node\" \/><img src=\"https:\/\/agenciabrasil.ebc.com.br\/ebc.gif?id=1636573&amp;o=node\" \/><\/p>\n<p>Os dados do mercado de trabalho fazem parte da Pesquisa Nacional por Amostra de Domic\u00edlios Cont\u00ednua (Pnad Cont\u00ednua), divulgada nesta sexta-feira (28), no Rio de Janeiro, pelo Instituto Brasileiro de Geografia e Estat\u00edstica (IBGE).<\/p>\n<p>De acordo com a coordenadora da pesquisa, Adriana Beringuy, a eleva\u00e7\u00e3o da desocupa\u00e7\u00e3o em rela\u00e7\u00e3o ao trimestre m\u00f3vel anterior \u00e9 um comportamento comum nesta \u00e9poca do ano.<\/p>\n<p>&#8220;\u00c9 um movimento esperado porque no per\u00edodo de transi\u00e7\u00e3o do encerramento de um ano para os primeiros meses do ano seguinte, h\u00e1, de fato, esse movimento de queda na ocupa\u00e7\u00e3o&#8221;, garante.<\/p>\n<p>O n\u00famero de pessoas sem trabalho alcan\u00e7ou 7,5 milh\u00f5es no per\u00edodo, eleva\u00e7\u00e3o de 10,4% ante o trimestre m\u00f3vel anterior. Entretanto, esse contingente est\u00e1 12,5% menor que o anotado no mesmo trimestre de 2024.<\/p>\n<h3>Setores<\/h3>\n<p>\u00a0<\/p>\n<p>Dos dez grupamentos de atividade pesquisados pelo IBGE, tr\u00eas apresentaram recuo no n\u00famero de ocupados, constru\u00e7\u00e3o (-4,0%, ou menos 310 mil pessoas), administra\u00e7\u00e3o p\u00fablica, defesa, seguridade social, educa\u00e7\u00e3o, sa\u00fade humana e servi\u00e7os sociais (-2,5%, ou menos 468 mil pessoas) e servi\u00e7os dom\u00e9sticos (-4,8%, ou menos 290 mil pessoas).<\/p>\n<p>De acordo com Beringuy, a redu\u00e7\u00e3o de vagas no grupo de administra\u00e7\u00e3o p\u00fablica tamb\u00e9m \u00e9 sazonal e tem a ver com o fim de v\u00ednculo de trabalhadores tempor\u00e1rios.<\/p>\n<p>A pesquisadora afirma, ainda, que esse comportamento sazonal do mercado de trabalho faz com que n\u00e3o seja poss\u00edvel afirmar que h\u00e1 efeitos recessivos da escalada da taxa de juros,\u00a0<a href=\"https:\/\/agenciabrasil.ebc.com.br\/economia\/noticia\/2025-03\/copom-eleva-juros-basicos-da-economia-para-1425-ao-ano\" target=\"_blank\" rel=\"noopener\">medida adotada pelo Banco Central (BC) para conter a infla\u00e7\u00e3o<\/a>.<\/p>\n<p>\u201cN\u00e3o atribuiria nesse momento efeito dessa vari\u00e1vel juros e afeta\u00e7\u00e3o do consumo de fam\u00edlias no mercado de trabalho\u201d, diz.<\/p>\n<p>No trimestre encerrado em janeiro de 2025, a taxa ficou em 6,5%, abaixo dos 6,8% do per\u00edodo terminado em fevereiro. Mas o IBGE n\u00e3o faz a compara\u00e7\u00e3o entre os intervalos imediatamente seguidos, pois h\u00e1 meses que se repetem nos dois per\u00edodos (dezembro e janeiro), o que distorce a compara\u00e7\u00e3o.<\/p>\n<h3>Ocupados e carteira assinada<\/h3>\n<p>\u00a0<\/p>\n<p>No trimestre encerrado em fevereiro, a popula\u00e7\u00e3o ocupada no pa\u00eds era de 102,7 milh\u00f5es de pessoas. O contingente \u00e9 1,2% menor que o do per\u00edodo terminado em novembro (1,2 milh\u00e3o de pessoas a menos), mas 2,4% maior que o do mesmo per\u00edodo do ano passado (2,4 milh\u00f5es de pessoas a mais).<\/p>\n<p>A pesquisa do IBGE aponta ainda que o pa\u00eds alcan\u00e7ou recorde no n\u00famero de trabalhadores com carteira assinada. Eram 39,6 milh\u00f5es de contratos, o maior volume desde o in\u00edcio da s\u00e9rie hist\u00f3rica, em 2012. Em um ano, foram 1,6 milh\u00f5es de pessoas a mais (+4,1%) com a carteira assinada. \u00a0<\/p>\n<p>O estudo do IBGE apura o comportamento no mercado de trabalho para pessoas com 14 anos ou mais e leva em conta todas as formas de ocupa\u00e7\u00e3o, seja emprego com ou sem carteira assinada, tempor\u00e1rio e por conta pr\u00f3pria, por exemplo. S\u00e3o visitados 211 mil domic\u00edlios em todos os estados e no Distrito Federal.<\/p>\n<p>A taxa de informalidade &#8211; trabalhadores que n\u00e3o t\u00eam garantidos direitos como f\u00e9rias, contribui\u00e7\u00e3o para a Previd\u00eancia Social e 13\u00ba sal\u00e1rio &#8211; teve \u201cligeira redu\u00e7\u00e3o\u201d, indo a 38,1% da popula\u00e7\u00e3o ocupada, o que representa 39,1 milh\u00f5es de trabalhadores informais. Tanto no trimestre encerrado em novembro e no mesmo per\u00edodo de 2024, a taxa estava em 38,7%.<\/p>\n<p>Fonte: Ag\u00eancia Brasil<\/p>\n","protected":false},"excerpt":{"rendered":"<p>IBGE diz que trabalho com carteira assinada atinge recorde<\/p>\n","protected":false},"author":9,"featured_media":15670,"comment_status":"closed","ping_status":"closed","sticky":false,"template":"","format":"standard","meta":[],"categories":[2],"tags":[],"_links":{"self":[{"href":"https:\/\/www.confere.org.br\/wordpress\/wp-json\/wp\/v2\/posts\/15669"}],"collection":[{"href":"https:\/\/www.confere.org.br\/wordpress\/wp-json\/wp\/v2\/posts"}],"about":[{"href":"https:\/\/www.confere.org.br\/wordpress\/wp-json\/wp\/v2\/types\/post"}],"author":[{"embeddable":true,"href":"https:\/\/www.confere.org.br\/wordpress\/wp-json\/wp\/v2\/users\/9"}],"replies":[{"embeddable":true,"href":"https:\/\/www.confere.org.br\/wordpress\/wp-json\/wp\/v2\/comments?post=15669"}],"version-history":[{"count":2,"href":"https:\/\/www.confere.org.br\/wordpress\/wp-json\/wp\/v2\/posts\/15669\/revisions"}],"predecessor-version":[{"id":15672,"href":"https:\/\/www.confere.org.br\/wordpress\/wp-json\/wp\/v2\/posts\/15669\/revisions\/15672"}],"wp:featuredmedia":[{"embeddable":true,"href":"https:\/\/www.confere.org.br\/wordpress\/wp-json\/wp\/v2\/media\/15670"}],"wp:attachment":[{"href":"https:\/\/www.confere.org.br\/wordpress\/wp-json\/wp\/v2\/media?parent=15669"}],"wp:term":[{"taxonomy":"category","embeddable":true,"href":"https:\/\/www.confere.org.br\/wordpress\/wp-json\/wp\/v2\/categories?post=15669"},{"taxonomy":"post_tag","embeddable":true,"href":"https:\/\/www.confere.org.br\/wordpress\/wp-json\/wp\/v2\/tags?post=15669"}],"curies":[{"name":"wp","href":"https:\/\/api.w.org\/{rel}","templated":true}]}}