{"id":15673,"date":"2025-03-29T19:50:21","date_gmt":"2025-03-29T22:50:21","guid":{"rendered":"https:\/\/www.confere.org.br\/wordpress\/?p=15673"},"modified":"2025-03-29T19:50:21","modified_gmt":"2025-03-29T22:50:21","slug":"manifesto","status":"publish","type":"post","link":"https:\/\/www.confere.org.br\/wordpress\/manifesto\/","title":{"rendered":"Manifesto"},"content":{"rendered":"\n<p>A representa\u00e7\u00e3o comercial n\u00e3o \u00e9 apenas uma atividade econ\u00f4mica; \u00e9 um elo essencial que conecta importadores, exportadores, ind\u00fastrias, distribuidores, varejistas e consumidores brasileiros. Este setor movimenta cerca de 20% do PIB nacional, sendo um motor indispens\u00e1vel para a economia do Brasil.<\/p>\n<p>Recentemente, palavras infelizes em mentorias educacionais profissionais, compararam a representa\u00e7\u00e3o comercial a algo devastador, como o c\u00e2ncer. Essa analogia ofendeu profundamente milh\u00f5es de brasileiros \u2014 desde representantes comerciais, que desempenham suas fun\u00e7\u00f5es com \u00e9tica, profissionalismo e dedica\u00e7\u00e3o, at\u00e9 aqueles que enfrentam desafios reais de sa\u00fade. Comparar um setor vital da economia com algo que causa dor e sofrimento em tantos lares \u00e9 uma demonstra\u00e7\u00e3o de insensibilidade e falta de compromisso com a realidade do nosso pa\u00eds.<\/p>\n<p>O Conselho Federal dos Representantes Comerciais (Confere) repudia tais declara\u00e7\u00f5es e refor\u00e7a o valor deste setor, que n\u00e3o apenas alimenta a economia, mas sustenta fam\u00edlias e possibilita o desenvolvimento nacional.<\/p>\n<p>Solidariedade em Movimento<\/p>\n<p>Transformamos indigna\u00e7\u00e3o em a\u00e7\u00e3o. O Sistema Confere\/Cores convida os quase um milh\u00e3o de profissionais e empresas de representa\u00e7\u00e3o comercial a transformar o m\u00eas de abril em um marco de solidariedade. Em cada cidade e estado, colabore com o Hospital do C\u00e2ncer ou o Instituto do C\u00e2ncer local, realizando doa\u00e7\u00f5es e apoiando quem luta contra essa doen\u00e7a.<\/p>\n<p>O c\u00e2ncer pode trazer dor, mas juntos, podemos trazer esperan\u00e7a. Vamos mostrar a for\u00e7a de um setor que une n\u00e3o s\u00f3 neg\u00f3cios, mas tamb\u00e9m cora\u00e7\u00f5es.<\/p>\n<p>Archimedes Cavalcanti J\u00fanior <br \/>Presidente &#8211; Confere<\/p>\n","protected":false},"excerpt":{"rendered":"<p>O Confere repudia declara\u00e7\u00f5es infelizes sobre a Representa\u00e7\u00e3o Comercial e convida todos a transformar indigna\u00e7\u00e3o em solidariedade. <\/p>\n","protected":false},"author":3,"featured_media":15674,"comment_status":"closed","ping_status":"closed","sticky":false,"template":"","format":"standard","meta":[],"categories":[34,49],"tags":[],"_links":{"self":[{"href":"https:\/\/www.confere.org.br\/wordpress\/wp-json\/wp\/v2\/posts\/15673"}],"collection":[{"href":"https:\/\/www.confere.org.br\/wordpress\/wp-json\/wp\/v2\/posts"}],"about":[{"href":"https:\/\/www.confere.org.br\/wordpress\/wp-json\/wp\/v2\/types\/post"}],"author":[{"embeddable":true,"href":"https:\/\/www.confere.org.br\/wordpress\/wp-json\/wp\/v2\/users\/3"}],"replies":[{"embeddable":true,"href":"https:\/\/www.confere.org.br\/wordpress\/wp-json\/wp\/v2\/comments?post=15673"}],"version-history":[{"count":1,"href":"https:\/\/www.confere.org.br\/wordpress\/wp-json\/wp\/v2\/posts\/15673\/revisions"}],"predecessor-version":[{"id":15675,"href":"https:\/\/www.confere.org.br\/wordpress\/wp-json\/wp\/v2\/posts\/15673\/revisions\/15675"}],"wp:featuredmedia":[{"embeddable":true,"href":"https:\/\/www.confere.org.br\/wordpress\/wp-json\/wp\/v2\/media\/15674"}],"wp:attachment":[{"href":"https:\/\/www.confere.org.br\/wordpress\/wp-json\/wp\/v2\/media?parent=15673"}],"wp:term":[{"taxonomy":"category","embeddable":true,"href":"https:\/\/www.confere.org.br\/wordpress\/wp-json\/wp\/v2\/categories?post=15673"},{"taxonomy":"post_tag","embeddable":true,"href":"https:\/\/www.confere.org.br\/wordpress\/wp-json\/wp\/v2\/tags?post=15673"}],"curies":[{"name":"wp","href":"https:\/\/api.w.org\/{rel}","templated":true}]}}