{"id":15676,"date":"2025-03-31T15:56:44","date_gmt":"2025-03-31T18:56:44","guid":{"rendered":"https:\/\/www.confere.org.br\/wordpress\/?p=15676"},"modified":"2025-03-31T15:57:40","modified_gmt":"2025-03-31T18:57:40","slug":"relatorio-de-gestao-2024-avancos-transparencia-e-inovacao-no-sistema-confere-cores","status":"publish","type":"post","link":"https:\/\/www.confere.org.br\/wordpress\/relatorio-de-gestao-2024-avancos-transparencia-e-inovacao-no-sistema-confere-cores\/","title":{"rendered":"Relat\u00f3rio de Gest\u00e3o 2024: avan\u00e7os, transpar\u00eancia e inova\u00e7\u00e3o no Sistema Confere\/Cores"},"content":{"rendered":"\n<p>O Conselho Federal dos Representantes Comerciais (Confere) apresenta \u00e0 sociedade o <strong>Relat\u00f3rio de Gest\u00e3o 2024<\/strong>, documento que consolida as principais realiza\u00e7\u00f5es, investimentos e avan\u00e7os institucionais alcan\u00e7ados ao longo do ano. Com base em diretrizes de governan\u00e7a respons\u00e1vel, integridade e transpar\u00eancia, o relat\u00f3rio reafirma o compromisso do Sistema Confere\/Cores com a valoriza\u00e7\u00e3o e a regulamenta\u00e7\u00e3o da atividade de representa\u00e7\u00e3o comercial no Brasil.<\/p>\n<p>\u00a0<\/p>\n<p>Sob a lideran\u00e7a do diretor-presidente Archimedes Cavalcanti J\u00fanior, 2024 foi um per\u00edodo marcado por <strong>moderniza\u00e7\u00e3o tecnol\u00f3gica, fortalecimento da fiscaliza\u00e7\u00e3o, amplia\u00e7\u00e3o da representatividade da categoria e melhoria cont\u00ednua da gest\u00e3o p\u00fablica<\/strong>. A atua\u00e7\u00e3o institucional junto aos poderes Executivo, Legislativo e Judici\u00e1rio refor\u00e7ou a defesa dos direitos e prerrogativas dos representantes comerciais.<\/p>\n<p>\u00a0<\/p>\n<p>O Confere registrou avan\u00e7os expressivos nos principais indicadores:<\/p>\n<ul>\n<li><strong>Mais de 46 mil novos registros profissionais<\/strong>.<\/li>\n<li><strong>Mais de 56 mil fiscaliza\u00e7\u00f5es realizadas<\/strong> (aumento de 46% em rela\u00e7\u00e3o a 2023).<\/li>\n<li><strong>223 publica\u00e7\u00f5es nas redes sociais<\/strong> e inser\u00e7\u00f5es em <strong>72 ve\u00edculos jornal\u00edsticos<\/strong>.<\/li>\n<\/ul>\n<p>\u00a0<\/p>\n<p>A governan\u00e7a foi fortalecida com a ades\u00e3o \u00e0s diretrizes do Tribunal de Contas da Uni\u00e3o (TCU) e a participa\u00e7\u00e3o no \u00cdndice ESG (iESGo), refor\u00e7ando os pilares de \u00e9tica, responsabilidade institucional e sustentabilidade. O planejamento estrat\u00e9gico do Sistema foi estruturado em cinco pilares, com foco na excel\u00eancia dos servi\u00e7os, uso da tecnologia, valoriza\u00e7\u00e3o do capital humano e sustentabilidade econ\u00f4mico-financeira.<\/p>\n<p>\u00a0<\/p>\n<p>A transforma\u00e7\u00e3o digital foi uma prioridade: aquisi\u00e7\u00e3o de scanners, migra\u00e7\u00e3o de sistemas para a nuvem e integra\u00e7\u00e3o de plataformas tornaram o atendimento mais \u00e1gil e seguro para os mais de 800 mil profissionais registrados. A economia gerada por essas a\u00e7\u00f5es tamb\u00e9m foi significativa, com destaque para o uso do sistema Protocores, que j\u00e1 economizou cerca de R$ 90 mil em custos com envio de documentos.<\/p>\n<p>\u00a0<\/p>\n<p>Para conhecer todos os detalhes do Relat\u00f3rio de Gest\u00e3o 2024, <strong><a href=\"https:\/\/www.confere.org.br\/wordpress\/wp-content\/uploads\/2025\/03\/Relatorio-de-gestao.pdf\" target=\"_blank\" rel=\"noopener\">clique aqui<\/a><\/strong> ou acesse o <a id=\"menur3mo\" class=\"fui-Link ___1q1shib f2hkw1w f3rmtva f1ewtqcl fyind8e f1k6fduh f1w7gpdv fk6fouc fjoy568 figsok6 f1s184ao f1mk8lai fnbmjn9 f1o700av f13mvf36 f1cmlufx f9n3di6 f1ids18y f1tx3yz7 f1deo86v f1eh06m1 f1iescvh fhgqx19 f1olyrje f1p93eir f1nev41a f1h8hb77 f1lqvz6u f10aw75t fsle3fq f17ae5zn\" title=\"https:\/\/confere-br.implanta.net.br\/portaltransparencia\/\" href=\"https:\/\/confere-br.implanta.net.br\/portaltransparencia\/\" target=\"_blank\" rel=\"noreferrer noopener\" aria-label=\"Link Portal da Transpar\u00eancia\">Portal da Transpar\u00eancia<\/a>.<\/p>\n\n\n","protected":false},"excerpt":{"rendered":"<p>O Conselho Federal dos Representantes Comerciais (Confere) apresenta \u00e0 sociedade o Relat\u00f3rio de Gest\u00e3o 2024, documento que consolida as principais realiza\u00e7\u00f5es, investimentos e avan\u00e7os institucionais alcan\u00e7ados ao longo do ano. Com base em diretrizes de governan\u00e7a respons\u00e1vel, integridade e transpar\u00eancia, o relat\u00f3rio reafirma o compromisso do Sistema Confere\/Cores com a valoriza\u00e7\u00e3o e a regulamenta\u00e7\u00e3o da &hellip; <\/p>\n<p class=\"link-more\"><a href=\"https:\/\/www.confere.org.br\/wordpress\/relatorio-de-gestao-2024-avancos-transparencia-e-inovacao-no-sistema-confere-cores\/\" class=\"more-link\">Continue lendo<span class=\"screen-reader-text\"> &#8220;Relat\u00f3rio de Gest\u00e3o 2024: avan\u00e7os, transpar\u00eancia e inova\u00e7\u00e3o no Sistema Confere\/Cores&#8221;<\/span><\/a><\/p>\n","protected":false},"author":9,"featured_media":15677,"comment_status":"closed","ping_status":"closed","sticky":false,"template":"","format":"standard","meta":[],"categories":[34,49],"tags":[],"_links":{"self":[{"href":"https:\/\/www.confere.org.br\/wordpress\/wp-json\/wp\/v2\/posts\/15676"}],"collection":[{"href":"https:\/\/www.confere.org.br\/wordpress\/wp-json\/wp\/v2\/posts"}],"about":[{"href":"https:\/\/www.confere.org.br\/wordpress\/wp-json\/wp\/v2\/types\/post"}],"author":[{"embeddable":true,"href":"https:\/\/www.confere.org.br\/wordpress\/wp-json\/wp\/v2\/users\/9"}],"replies":[{"embeddable":true,"href":"https:\/\/www.confere.org.br\/wordpress\/wp-json\/wp\/v2\/comments?post=15676"}],"version-history":[{"count":3,"href":"https:\/\/www.confere.org.br\/wordpress\/wp-json\/wp\/v2\/posts\/15676\/revisions"}],"predecessor-version":[{"id":15682,"href":"https:\/\/www.confere.org.br\/wordpress\/wp-json\/wp\/v2\/posts\/15676\/revisions\/15682"}],"wp:featuredmedia":[{"embeddable":true,"href":"https:\/\/www.confere.org.br\/wordpress\/wp-json\/wp\/v2\/media\/15677"}],"wp:attachment":[{"href":"https:\/\/www.confere.org.br\/wordpress\/wp-json\/wp\/v2\/media?parent=15676"}],"wp:term":[{"taxonomy":"category","embeddable":true,"href":"https:\/\/www.confere.org.br\/wordpress\/wp-json\/wp\/v2\/categories?post=15676"},{"taxonomy":"post_tag","embeddable":true,"href":"https:\/\/www.confere.org.br\/wordpress\/wp-json\/wp\/v2\/tags?post=15676"}],"curies":[{"name":"wp","href":"https:\/\/api.w.org\/{rel}","templated":true}]}}