{"id":15828,"date":"2025-04-11T15:25:14","date_gmt":"2025-04-11T18:25:14","guid":{"rendered":"https:\/\/www.confere.org.br\/wordpress\/?p=15828"},"modified":"2026-02-11T16:00:03","modified_gmt":"2026-02-11T19:00:03","slug":"revista-representacao-edicao-no-04","status":"publish","type":"post","link":"https:\/\/www.confere.org.br\/wordpress\/revista-representacao-edicao-no-04\/","title":{"rendered":"Revista RepresentA\u00c7\u00c3O &#8211; Edi\u00e7\u00e3o n\u00ba 04"},"content":{"rendered":"","protected":false},"excerpt":{"rendered":"<p>https:\/\/www.confere.org.br\/wordpress\/wp-content\/uploads\/2025\/04\/Revista_representAcao_Core-RN-5.pdf<\/p>\n","protected":false},"author":3,"featured_media":15827,"comment_status":"closed","ping_status":"closed","sticky":false,"template":"","format":"standard","meta":[],"categories":[19,38],"tags":[],"_links":{"self":[{"href":"https:\/\/www.confere.org.br\/wordpress\/wp-json\/wp\/v2\/posts\/15828"}],"collection":[{"href":"https:\/\/www.confere.org.br\/wordpress\/wp-json\/wp\/v2\/posts"}],"about":[{"href":"https:\/\/www.confere.org.br\/wordpress\/wp-json\/wp\/v2\/types\/post"}],"author":[{"embeddable":true,"href":"https:\/\/www.confere.org.br\/wordpress\/wp-json\/wp\/v2\/users\/3"}],"replies":[{"embeddable":true,"href":"https:\/\/www.confere.org.br\/wordpress\/wp-json\/wp\/v2\/comments?post=15828"}],"version-history":[{"count":1,"href":"https:\/\/www.confere.org.br\/wordpress\/wp-json\/wp\/v2\/posts\/15828\/revisions"}],"predecessor-version":[{"id":15830,"href":"https:\/\/www.confere.org.br\/wordpress\/wp-json\/wp\/v2\/posts\/15828\/revisions\/15830"}],"wp:featuredmedia":[{"embeddable":true,"href":"https:\/\/www.confere.org.br\/wordpress\/wp-json\/wp\/v2\/media\/15827"}],"wp:attachment":[{"href":"https:\/\/www.confere.org.br\/wordpress\/wp-json\/wp\/v2\/media?parent=15828"}],"wp:term":[{"taxonomy":"category","embeddable":true,"href":"https:\/\/www.confere.org.br\/wordpress\/wp-json\/wp\/v2\/categories?post=15828"},{"taxonomy":"post_tag","embeddable":true,"href":"https:\/\/www.confere.org.br\/wordpress\/wp-json\/wp\/v2\/tags?post=15828"}],"curies":[{"name":"wp","href":"https:\/\/api.w.org\/{rel}","templated":true}]}}