{"id":15930,"date":"2025-04-17T17:06:56","date_gmt":"2025-04-17T20:06:56","guid":{"rendered":"https:\/\/www.confere.org.br\/wordpress\/?p=15930"},"modified":"2025-04-17T17:06:57","modified_gmt":"2025-04-17T20:06:57","slug":"feliz-pascoa-2","status":"publish","type":"post","link":"https:\/\/www.confere.org.br\/wordpress\/feliz-pascoa-2\/","title":{"rendered":"Feliz P\u00e1scoa!"},"content":{"rendered":"\n<p>A P\u00e1scoa simboliza renova\u00e7\u00e3o, esperan\u00e7a e novas oportunidades \u2014 valores que tamb\u00e9m movem a Representa\u00e7\u00e3o Comercial, conectando neg\u00f3cios e impulsionando o mercado.<br \/>Que este dia traga uni\u00e3o, prosperidade e conquistas para o futuro!<\/p>\n<p>Assim como a Representa\u00e7\u00e3o Comercial se baseia na confian\u00e7a e na constru\u00e7\u00e3o de rela\u00e7\u00f5es s\u00f3lidas, que esta data nos inspire a fortalecer parcerias e prosperar juntos.<\/p>\n<p>O Sistema Confere\/Cores deseja a todos os representantes comerciais e suas fam\u00edlias uma P\u00e1scoa repleta de boas oportunidades e conquistas!<\/p>\n\n\n","protected":false},"excerpt":{"rendered":"<p>A P\u00e1scoa simboliza renova\u00e7\u00e3o, esperan\u00e7a e novas oportunidades \u2014 valores que tamb\u00e9m movem a Representa\u00e7\u00e3o Comercial, conectando neg\u00f3cios e impulsionando o mercado.Que este dia traga uni\u00e3o, prosperidade e conquistas para o futuro! Assim como a Representa\u00e7\u00e3o Comercial se baseia na confian\u00e7a e na constru\u00e7\u00e3o de rela\u00e7\u00f5es s\u00f3lidas, que esta data nos inspire a fortalecer parcerias &hellip; <\/p>\n<p class=\"link-more\"><a href=\"https:\/\/www.confere.org.br\/wordpress\/feliz-pascoa-2\/\" class=\"more-link\">Continue lendo<span class=\"screen-reader-text\"> &#8220;Feliz P\u00e1scoa!&#8221;<\/span><\/a><\/p>\n","protected":false},"author":3,"featured_media":15931,"comment_status":"closed","ping_status":"closed","sticky":false,"template":"","format":"standard","meta":[],"categories":[34,49],"tags":[],"_links":{"self":[{"href":"https:\/\/www.confere.org.br\/wordpress\/wp-json\/wp\/v2\/posts\/15930"}],"collection":[{"href":"https:\/\/www.confere.org.br\/wordpress\/wp-json\/wp\/v2\/posts"}],"about":[{"href":"https:\/\/www.confere.org.br\/wordpress\/wp-json\/wp\/v2\/types\/post"}],"author":[{"embeddable":true,"href":"https:\/\/www.confere.org.br\/wordpress\/wp-json\/wp\/v2\/users\/3"}],"replies":[{"embeddable":true,"href":"https:\/\/www.confere.org.br\/wordpress\/wp-json\/wp\/v2\/comments?post=15930"}],"version-history":[{"count":1,"href":"https:\/\/www.confere.org.br\/wordpress\/wp-json\/wp\/v2\/posts\/15930\/revisions"}],"predecessor-version":[{"id":15932,"href":"https:\/\/www.confere.org.br\/wordpress\/wp-json\/wp\/v2\/posts\/15930\/revisions\/15932"}],"wp:featuredmedia":[{"embeddable":true,"href":"https:\/\/www.confere.org.br\/wordpress\/wp-json\/wp\/v2\/media\/15931"}],"wp:attachment":[{"href":"https:\/\/www.confere.org.br\/wordpress\/wp-json\/wp\/v2\/media?parent=15930"}],"wp:term":[{"taxonomy":"category","embeddable":true,"href":"https:\/\/www.confere.org.br\/wordpress\/wp-json\/wp\/v2\/categories?post=15930"},{"taxonomy":"post_tag","embeddable":true,"href":"https:\/\/www.confere.org.br\/wordpress\/wp-json\/wp\/v2\/tags?post=15930"}],"curies":[{"name":"wp","href":"https:\/\/api.w.org\/{rel}","templated":true}]}}