{"id":15937,"date":"2025-04-22T08:48:24","date_gmt":"2025-04-22T11:48:24","guid":{"rendered":"https:\/\/www.confere.org.br\/wordpress\/?p=15937"},"modified":"2025-04-22T08:48:25","modified_gmt":"2025-04-22T11:48:25","slug":"nota-de-pesar-4","status":"publish","type":"post","link":"https:\/\/www.confere.org.br\/wordpress\/nota-de-pesar-4\/","title":{"rendered":"Nota de Pesar"},"content":{"rendered":"\n<p>O Conselho Federal dos Representantes Comerciais manifesta profunda consterna\u00e7\u00e3o pelo falecimento do Papa Francisco. L\u00edder espiritual e voz incans\u00e1vel em defesa da dignidade humana, Francisco guiou milh\u00f5es com sua f\u00e9, humildade e compromisso com a fraternidade entre os povos.<br \/><br \/>Sua mensagem de amor ao pr\u00f3ximo, inclus\u00e3o e justi\u00e7a transcendeu barreiras e inspira, aqueles que buscam um mundo mais solid\u00e1rio e \u00e9tico. Neste momento de despedida, expressamos nossa solidariedade \u00e0 comunidade crist\u00e3 e a todos que encontraram em sua lideran\u00e7a um exemplo de humanidade e compaix\u00e3o.<\/p>\n\n\n","protected":false},"excerpt":{"rendered":"<p>O Conselho Federal dos Representantes Comerciais manifesta profunda consterna\u00e7\u00e3o pelo falecimento do Papa Francisco. L\u00edder espiritual e voz incans\u00e1vel em defesa da dignidade humana, Francisco guiou milh\u00f5es com sua f\u00e9, humildade e compromisso com a fraternidade entre os povos. Sua mensagem de amor ao pr\u00f3ximo, inclus\u00e3o e justi\u00e7a transcendeu barreiras e inspira, aqueles que buscam &hellip; <\/p>\n<p class=\"link-more\"><a href=\"https:\/\/www.confere.org.br\/wordpress\/nota-de-pesar-4\/\" class=\"more-link\">Continue lendo<span class=\"screen-reader-text\"> &#8220;Nota de Pesar&#8221;<\/span><\/a><\/p>\n","protected":false},"author":3,"featured_media":15938,"comment_status":"closed","ping_status":"closed","sticky":false,"template":"","format":"standard","meta":[],"categories":[34,49,17],"tags":[],"_links":{"self":[{"href":"https:\/\/www.confere.org.br\/wordpress\/wp-json\/wp\/v2\/posts\/15937"}],"collection":[{"href":"https:\/\/www.confere.org.br\/wordpress\/wp-json\/wp\/v2\/posts"}],"about":[{"href":"https:\/\/www.confere.org.br\/wordpress\/wp-json\/wp\/v2\/types\/post"}],"author":[{"embeddable":true,"href":"https:\/\/www.confere.org.br\/wordpress\/wp-json\/wp\/v2\/users\/3"}],"replies":[{"embeddable":true,"href":"https:\/\/www.confere.org.br\/wordpress\/wp-json\/wp\/v2\/comments?post=15937"}],"version-history":[{"count":1,"href":"https:\/\/www.confere.org.br\/wordpress\/wp-json\/wp\/v2\/posts\/15937\/revisions"}],"predecessor-version":[{"id":15940,"href":"https:\/\/www.confere.org.br\/wordpress\/wp-json\/wp\/v2\/posts\/15937\/revisions\/15940"}],"wp:featuredmedia":[{"embeddable":true,"href":"https:\/\/www.confere.org.br\/wordpress\/wp-json\/wp\/v2\/media\/15938"}],"wp:attachment":[{"href":"https:\/\/www.confere.org.br\/wordpress\/wp-json\/wp\/v2\/media?parent=15937"}],"wp:term":[{"taxonomy":"category","embeddable":true,"href":"https:\/\/www.confere.org.br\/wordpress\/wp-json\/wp\/v2\/categories?post=15937"},{"taxonomy":"post_tag","embeddable":true,"href":"https:\/\/www.confere.org.br\/wordpress\/wp-json\/wp\/v2\/tags?post=15937"}],"curies":[{"name":"wp","href":"https:\/\/api.w.org\/{rel}","templated":true}]}}