{"id":15941,"date":"2025-04-22T09:24:07","date_gmt":"2025-04-22T12:24:07","guid":{"rendered":"https:\/\/www.confere.org.br\/wordpress\/?p=15941"},"modified":"2025-04-22T09:24:46","modified_gmt":"2025-04-22T12:24:46","slug":"varejo-alimentar-registra-pior-desempenho-de-vendas-em-marco-com-queda-de-46","status":"publish","type":"post","link":"https:\/\/www.confere.org.br\/wordpress\/varejo-alimentar-registra-pior-desempenho-de-vendas-em-marco-com-queda-de-46\/","title":{"rendered":"Varejo alimentar registra pior desempenho de vendas em mar\u00e7o, com queda de 4,6%"},"content":{"rendered":"\n<p>Em mar\u00e7o, varejo alimentar registrou o pior desempenho de vendas do ano at\u00e9 o momento, segundo dados da Scanntech, plataforma de solu\u00e7\u00f5es tecnol\u00f3gicas. De acordo com a an\u00e1lise o setor encerrou o m\u00eas com uma retra\u00e7\u00e3o expressiva nas vendas por unidades de -4,6%, reflexo da redu\u00e7\u00e3o de -3,4% no fluxo de consumidores nas lojas e do aumento de 7,4% nos pre\u00e7os da cesta de mercearia b\u00e1sica, resultando em uma queda de -5,4% nas vendas de itens dessa categoria, em compara\u00e7\u00e3o com o mesmo per\u00edodo do ano anterior. Entre os principais fatores para esse recuo est\u00e1 a infla\u00e7\u00e3o em itens essenciais, o que tem reduzido a frequ\u00eancia de visitas do consumidor aos supermercados.<\/p>\n<p>Os principais alimentos que fazem parte da rotina alimentar do brasileiro registraram aumento de pre\u00e7o em mar\u00e7o. Entre eles, o leite, que teve um acr\u00e9scimo de 4,2% em rela\u00e7\u00e3o a fevereiro e de 13,2% no comparativo com o ano passado. J\u00e1 o caf\u00e9, principal respons\u00e1vel pelo aumento de pre\u00e7o da cesta de mercearia b\u00e1sica, subiu 7% no comparativo com o m\u00eas anterior, em rela\u00e7\u00e3o ao mesmo per\u00edodo do ano passado, o crescimento foi de 74,7%. Outros itens essenciais tamb\u00e9m apresentaram eleva\u00e7\u00e3o nos pre\u00e7os: o ovo com de alta 7,9%; massa instant\u00e2nea (2%); sal (1,9%); macarr\u00e3o (0,3%), em rela\u00e7\u00e3o a fevereiro. \u201cOutro ponto que contribuiu para o desempenho negativo de mar\u00e7o foi o efeito calend\u00e1rio. Neste ano, a P\u00e1scoa ser\u00e1 comemorada em abril \u2014 ao contr\u00e1rio do ano passado, quando ocorreu no fim de mar\u00e7o e impulsionou as vendas de itens sazonais naquele m\u00eas. Essa mudan\u00e7a provocou uma migra\u00e7\u00e3o no per\u00edodo de compra de determinados alimentos t\u00edpicos da data, impactando diretamente os resultados de deste ano\u201d, explica Priscila Ariani, diretora de marketing da Scanntech.<\/p>\n<p>Desconsiderado o efeito da sazonalidade, os pre\u00e7os apresentaram uma acelera\u00e7\u00e3o de 6,8%, enquanto as vendas por unidade recuaram -1,4%. A quarta semana de mar\u00e7o, per\u00edodo em que tradicionalmente h\u00e1 um pico de consumo pr\u00e9-P\u00e1scoa, nota-se uma queda de -8,6% nas vendas em compara\u00e7\u00e3o com o mesmo intervalo de 2024, o que comprometeu a performance do m\u00eas, que vinha registrando resultados positivos nas tr\u00eas primeiras semanas.<\/p>\n<p>Mesmo em um cen\u00e1rio de aumentos de pre\u00e7os, o arroz e o feij\u00e3o, indispens\u00e1veis na mesa do consumidor, registraram queda de 4,2% e 0,2%, respectivamente, em mar\u00e7o em rela\u00e7\u00e3o a fevereiro. No acumulado de 12 meses, a queda foi ainda mais expressiva: 10% no pre\u00e7o do arroz e 24,4% no do feij\u00e3o.<\/p>\n<p>Fonte: Super Varejo<\/p>\n","protected":false},"excerpt":{"rendered":"<p>O resultado foi provocado devido \u00e0 alta nos pre\u00e7os da mercearia b\u00e1sica e efeito calend\u00e1rio<\/p>\n","protected":false},"author":9,"featured_media":15942,"comment_status":"closed","ping_status":"closed","sticky":false,"template":"","format":"standard","meta":[],"categories":[2],"tags":[],"_links":{"self":[{"href":"https:\/\/www.confere.org.br\/wordpress\/wp-json\/wp\/v2\/posts\/15941"}],"collection":[{"href":"https:\/\/www.confere.org.br\/wordpress\/wp-json\/wp\/v2\/posts"}],"about":[{"href":"https:\/\/www.confere.org.br\/wordpress\/wp-json\/wp\/v2\/types\/post"}],"author":[{"embeddable":true,"href":"https:\/\/www.confere.org.br\/wordpress\/wp-json\/wp\/v2\/users\/9"}],"replies":[{"embeddable":true,"href":"https:\/\/www.confere.org.br\/wordpress\/wp-json\/wp\/v2\/comments?post=15941"}],"version-history":[{"count":2,"href":"https:\/\/www.confere.org.br\/wordpress\/wp-json\/wp\/v2\/posts\/15941\/revisions"}],"predecessor-version":[{"id":15944,"href":"https:\/\/www.confere.org.br\/wordpress\/wp-json\/wp\/v2\/posts\/15941\/revisions\/15944"}],"wp:featuredmedia":[{"embeddable":true,"href":"https:\/\/www.confere.org.br\/wordpress\/wp-json\/wp\/v2\/media\/15942"}],"wp:attachment":[{"href":"https:\/\/www.confere.org.br\/wordpress\/wp-json\/wp\/v2\/media?parent=15941"}],"wp:term":[{"taxonomy":"category","embeddable":true,"href":"https:\/\/www.confere.org.br\/wordpress\/wp-json\/wp\/v2\/categories?post=15941"},{"taxonomy":"post_tag","embeddable":true,"href":"https:\/\/www.confere.org.br\/wordpress\/wp-json\/wp\/v2\/tags?post=15941"}],"curies":[{"name":"wp","href":"https:\/\/api.w.org\/{rel}","templated":true}]}}