{"id":15950,"date":"2025-04-28T08:57:58","date_gmt":"2025-04-28T11:57:58","guid":{"rendered":"https:\/\/www.confere.org.br\/wordpress\/?p=15950"},"modified":"2025-06-02T13:04:08","modified_gmt":"2025-06-02T16:04:08","slug":"ciclo-de-capacitacao-e-treinamento-com-walter-longo-belem-pa","status":"publish","type":"post","link":"https:\/\/www.confere.org.br\/wordpress\/ciclo-de-capacitacao-e-treinamento-com-walter-longo-belem-pa\/","title":{"rendered":"Ciclo de capacita\u00e7\u00e3o e treinamento com Walter Longo: Bel\u00e9m-PA"},"content":{"rendered":"\n<p>O ciclo de capacita\u00e7\u00e3o e treinamento deste ano continua: Walter Longo &#8211; empreendedor, palestrante, professor e especialista em inova\u00e7\u00e3o, neg\u00f3cios e transforma\u00e7\u00e3o digital.<\/p>\n<p>O mercado est\u00e1 em constante evolu\u00e7\u00e3o, e entender como a IA pode transformar as negocia\u00e7\u00f5es, a prospec\u00e7\u00e3o de clientes e o relacionamento comercial \u00e9 fundamental para quem deseja se destacar.<\/p>\n<p>Walter Longo \u00e9 refer\u00eancia quando o assunto \u00e9 o futuro dos neg\u00f3cios. Com uma vis\u00e3o estrat\u00e9gica sobre o impacto da tecnologia no mercado, ele trar\u00e1 reflex\u00f5es essenciais para os representantes comerciais se adaptarem e prosperarem na era da Intelig\u00eancia Artificial.<\/p>\n<p><strong>Tema:<\/strong> Impactos da Intelig\u00eancia Artificial nos Neg\u00f3cios de Representa\u00e7\u00e3o Comercial e na Sociedade<br \/><strong>Data:<\/strong> 05 de maio<br \/><strong>Hor\u00e1rio:<\/strong> 18h<br \/><strong>Local:<\/strong> Teatro Margarida Schivasappa &#8211; CENTUR<br \/><strong>Endere\u00e7o:<\/strong> Av. Gentil Bitencourt, 650 &#8211; Batista Campos, Bel\u00e9m &#8211; PA, 66035-340<\/p>\n<p><strong>Vagas limitadas!<\/strong> Garanta seu lugar: <a href=\"https:\/\/core-pa.org.br\/formulario\/view\/6\/palestra-impactos-da-inteligencia-artificial-com-walter-longo\" target=\"_blank\" rel=\"noopener\">inscreva-se!<\/a><br \/><br \/><\/p>\n","protected":false},"excerpt":{"rendered":"<p>O ciclo de capacita\u00e7\u00e3o e treinamento deste ano continua: Walter Longo &#8211; empreendedor, palestrante, professor e especialista em inova\u00e7\u00e3o, neg\u00f3cios e transforma\u00e7\u00e3o digital. O mercado est\u00e1 em constante evolu\u00e7\u00e3o, e entender como a IA pode transformar as negocia\u00e7\u00f5es, a prospec\u00e7\u00e3o de clientes e o relacionamento comercial \u00e9 fundamental para quem deseja se destacar. Walter Longo &hellip; <\/p>\n<p class=\"link-more\"><a href=\"https:\/\/www.confere.org.br\/wordpress\/ciclo-de-capacitacao-e-treinamento-com-walter-longo-belem-pa\/\" class=\"more-link\">Continue lendo<span class=\"screen-reader-text\"> &#8220;Ciclo de capacita\u00e7\u00e3o e treinamento com Walter Longo: Bel\u00e9m-PA&#8221;<\/span><\/a><\/p>\n","protected":false},"author":9,"featured_media":15951,"comment_status":"closed","ping_status":"closed","sticky":false,"template":"","format":"standard","meta":[],"categories":[34,49,17],"tags":[],"_links":{"self":[{"href":"https:\/\/www.confere.org.br\/wordpress\/wp-json\/wp\/v2\/posts\/15950"}],"collection":[{"href":"https:\/\/www.confere.org.br\/wordpress\/wp-json\/wp\/v2\/posts"}],"about":[{"href":"https:\/\/www.confere.org.br\/wordpress\/wp-json\/wp\/v2\/types\/post"}],"author":[{"embeddable":true,"href":"https:\/\/www.confere.org.br\/wordpress\/wp-json\/wp\/v2\/users\/9"}],"replies":[{"embeddable":true,"href":"https:\/\/www.confere.org.br\/wordpress\/wp-json\/wp\/v2\/comments?post=15950"}],"version-history":[{"count":2,"href":"https:\/\/www.confere.org.br\/wordpress\/wp-json\/wp\/v2\/posts\/15950\/revisions"}],"predecessor-version":[{"id":15953,"href":"https:\/\/www.confere.org.br\/wordpress\/wp-json\/wp\/v2\/posts\/15950\/revisions\/15953"}],"wp:featuredmedia":[{"embeddable":true,"href":"https:\/\/www.confere.org.br\/wordpress\/wp-json\/wp\/v2\/media\/15951"}],"wp:attachment":[{"href":"https:\/\/www.confere.org.br\/wordpress\/wp-json\/wp\/v2\/media?parent=15950"}],"wp:term":[{"taxonomy":"category","embeddable":true,"href":"https:\/\/www.confere.org.br\/wordpress\/wp-json\/wp\/v2\/categories?post=15950"},{"taxonomy":"post_tag","embeddable":true,"href":"https:\/\/www.confere.org.br\/wordpress\/wp-json\/wp\/v2\/tags?post=15950"}],"curies":[{"name":"wp","href":"https:\/\/api.w.org\/{rel}","templated":true}]}}