{"id":15955,"date":"2025-04-28T11:32:58","date_gmt":"2025-04-28T14:32:58","guid":{"rendered":"https:\/\/www.confere.org.br\/wordpress\/?p=15955"},"modified":"2025-06-02T13:04:18","modified_gmt":"2025-06-02T16:04:18","slug":"core-rj-itinerante-realiza-edicao-em-volta-redonda-nos-dias-14-e-15-de-maio","status":"publish","type":"post","link":"https:\/\/www.confere.org.br\/wordpress\/core-rj-itinerante-realiza-edicao-em-volta-redonda-nos-dias-14-e-15-de-maio\/","title":{"rendered":"CORE-RJ Itinerante realiza edi\u00e7\u00e3o em Volta Redonda nos dias 14 e 15 de maio"},"content":{"rendered":"\n<p>A a\u00e7\u00e3o tem como objetivo ampliar a proximidade com a categoria, levando atendimento presencial, servi\u00e7os e capacita\u00e7\u00e3o aos Representantes Comerciais da regi\u00e3o. Entre os servi\u00e7os oferecidos est\u00e3o:<\/p>\n\n\n\n<ul><li>Bate-papo com o Presidente do Core-RJ;<\/li><li>Capacita\u00e7\u00e3o em contabilidade regular;<\/li><li>Atendimento para registro profissional;<\/li><li>Negocia\u00e7\u00e3o de d\u00e9bitos;<\/li><li>Emiss\u00e3o de carteiras profissionais;<\/li><li>Atendimento jur\u00eddico.<\/li><\/ul>\n\n\n\n<p>O evento acontecer\u00e1 no&nbsp;<strong>Audit\u00f3rio da UFF-VR \u2013 Campus Aterrado<\/strong>&nbsp;e contar\u00e1 com a presen\u00e7a do presidente do CORE-RJ, Marcelo Martino e Silva, que participar\u00e1 diretamente do atendimento aos Representantes Comerciais, refor\u00e7ando o compromisso da atual gest\u00e3o com a valoriza\u00e7\u00e3o e o fortalecimento da profiss\u00e3o.<\/p>\n\n\n\n<p>As inscri\u00e7\u00f5es est\u00e3o abertas e podem ser feitas gratuitamente:&nbsp;<a rel=\"noreferrer noopener\" target=\"_blank\" href=\"https:\/\/forms.office.com\/r\/gyCGfRwqie\">https:\/\/forms.office.com\/r\/gyCGfRwqie<\/a><\/p>\n\n\n\n<p>Essa iniciativa refor\u00e7a o esfor\u00e7o do Sistema Confere\/Cores em oferecer cada vez mais servi\u00e7os e apoio aos Representantes Comerciais em todo o territ\u00f3rio nacional.<\/p>\n","protected":false},"excerpt":{"rendered":"<p>O Conselho Regional dos Representantes Comerciais do Estado do Rio de Janeiro (CORE-RJ) realizar\u00e1, nos dias 14 e 15 de maio, mais uma edi\u00e7\u00e3o do projeto CORE-RJ Itinerante, desta vez no munic\u00edpio de Volta Redonda.<\/p>\n","protected":false},"author":8,"featured_media":15956,"comment_status":"closed","ping_status":"closed","sticky":false,"template":"","format":"standard","meta":[],"categories":[34,49],"tags":[],"_links":{"self":[{"href":"https:\/\/www.confere.org.br\/wordpress\/wp-json\/wp\/v2\/posts\/15955"}],"collection":[{"href":"https:\/\/www.confere.org.br\/wordpress\/wp-json\/wp\/v2\/posts"}],"about":[{"href":"https:\/\/www.confere.org.br\/wordpress\/wp-json\/wp\/v2\/types\/post"}],"author":[{"embeddable":true,"href":"https:\/\/www.confere.org.br\/wordpress\/wp-json\/wp\/v2\/users\/8"}],"replies":[{"embeddable":true,"href":"https:\/\/www.confere.org.br\/wordpress\/wp-json\/wp\/v2\/comments?post=15955"}],"version-history":[{"count":3,"href":"https:\/\/www.confere.org.br\/wordpress\/wp-json\/wp\/v2\/posts\/15955\/revisions"}],"predecessor-version":[{"id":15959,"href":"https:\/\/www.confere.org.br\/wordpress\/wp-json\/wp\/v2\/posts\/15955\/revisions\/15959"}],"wp:featuredmedia":[{"embeddable":true,"href":"https:\/\/www.confere.org.br\/wordpress\/wp-json\/wp\/v2\/media\/15956"}],"wp:attachment":[{"href":"https:\/\/www.confere.org.br\/wordpress\/wp-json\/wp\/v2\/media?parent=15955"}],"wp:term":[{"taxonomy":"category","embeddable":true,"href":"https:\/\/www.confere.org.br\/wordpress\/wp-json\/wp\/v2\/categories?post=15955"},{"taxonomy":"post_tag","embeddable":true,"href":"https:\/\/www.confere.org.br\/wordpress\/wp-json\/wp\/v2\/tags?post=15955"}],"curies":[{"name":"wp","href":"https:\/\/api.w.org\/{rel}","templated":true}]}}