{"id":15960,"date":"2025-04-28T15:18:56","date_gmt":"2025-04-28T18:18:56","guid":{"rendered":"https:\/\/www.confere.org.br\/wordpress\/?p=15960"},"modified":"2025-12-19T11:14:40","modified_gmt":"2025-12-19T14:14:40","slug":"confere-promove-serie-de-palestras-com-walter-longo-para-qualificacao-dos-representantes-comerciais-em-todo-o-brasil","status":"publish","type":"post","link":"https:\/\/www.confere.org.br\/wordpress\/confere-promove-serie-de-palestras-com-walter-longo-para-qualificacao-dos-representantes-comerciais-em-todo-o-brasil\/","title":{"rendered":"Confere promove s\u00e9rie de palestras com Walter Longo para qualifica\u00e7\u00e3o dos representantes comerciais em todo o Brasil"},"content":{"rendered":"\n<p>Walter Longo, que tem uma trajet\u00f3ria amplamente reconhecida no meio empresarial, \u00e9 considerado um dos maiores especialistas em inova\u00e7\u00e3o, tecnologia e transforma\u00e7\u00e3o digital do Brasil. Nas palestras, al\u00e9m de discutir como a intelig\u00eancia artificial est\u00e1 transformando os neg\u00f3cios, Walter compartilha suas experi\u00eancias pr\u00e1ticas e reflex\u00f5es atuais que impactam diretamente o dia a dia da representa\u00e7\u00e3o comercial.<\/p>\n<p>Walter ficou muito conhecido por ser um dos conselheiros de Roberto Justus no programa O Aprendiz, da RecordTV, mas possui uma carreira marcada por cargos de destaque e uma longa trajet\u00f3ria de lideran\u00e7a, tendo sido presidente do Grupo Abril e mentor de estrat\u00e9gia e inova\u00e7\u00e3o do Grupo Newcomm \u2013 uma das principais holdings de comunica\u00e7\u00e3o do Grupo WPP.<\/p>\n<p>A turn\u00ea de palestras, que j\u00e1 conta com mais de 30 eventos confirmados, est\u00e1 percorrendo os quatro cantos do pa\u00eds, com o objetivo de levar conte\u00fado de excel\u00eancia a um n\u00famero cada vez maior de representantes comerciais, democratizando o conhecimento e contribuindo diretamente para a valoriza\u00e7\u00e3o da atividade.<\/p>\n<p>Segundo o presidente do Confere, Archimedes Cavalcanti J\u00fanior, a realiza\u00e7\u00e3o das palestras representa mais do que uma capacita\u00e7\u00e3o t\u00e9cnica: &#8220;Capacita\u00e7\u00e3o e treinamento constantes s\u00e3o pilares do fortalecimento da nossa profiss\u00e3o. Investir na qualifica\u00e7\u00e3o dos representantes comerciais faz parte do Plano de A\u00e7\u00e3o do Confere, voltado para a valoriza\u00e7\u00e3o e o desenvolvimento da categoria em todo o pa\u00eds. Em um mercado em r\u00e1pida transforma\u00e7\u00e3o, promover atualiza\u00e7\u00e3o \u00e9 garantir competitividade, \u00e9tica e excel\u00eancia. Ter Walter Longo conosco, compartilhando sua vis\u00e3o e experi\u00eancia, \u00e9 uma oportunidade \u00fanica de inspira\u00e7\u00e3o e crescimento para todos os profissionais que representam a for\u00e7a da nossa economia&#8221;, destacou.<\/p>\n<p>A participa\u00e7\u00e3o \u00e9 gratuita e aberta a todos os profissionais, mediante inscri\u00e7\u00e3o pr\u00e9via.<\/p>\n<p>Confira as datas e cidades j\u00e1 confirmadas e fa\u00e7a sua <a href=\"https:\/\/www.confere.org.br\/inscricoes_eventos.php\">inscri\u00e7\u00e3o aqui<\/a>.<\/p>\n<ul>\n<li><u>10\/02 Fortaleza\/CE<\/u><\/li>\n<li><u>20\/03 Campinas\/SP<\/u><\/li>\n<li><u>04\/04 Curitiba\/PR<\/u><\/li>\n<li><u>09\/04 Presidente Prudente\/SP<\/u><\/li>\n<li><u>11\/04 Vit\u00f3ria\/ES<\/u><\/li>\n<li><u>15\/04 S\u00e3o Jos\u00e9 do Rio Preto\/SP<\/u><\/li>\n<li><u>16\/04 Rio de Janeiro\/RJ<\/u><\/li>\n<li><a href=\"https:\/\/core-pa.org.br\/formulario\/view\/6\/palestra-impactos-da-inteligencia-artificial-com-walter-longo\"><u>05\/05 Bel\u00e9m\/PA<\/u><\/a><\/li>\n<li><u>15\/05 &#8211; Bras\u00edlia\/DF<\/u><\/li>\n<li><u>26\/06 &#8211; Belo Horizonte\/MG<\/u><\/li>\n<li><u>07\/07 &#8211; Porto Velho\/RO<\/u><\/li>\n<li><u>15\/07 &#8211; Ribeir\u00e3o Preto\/SP<\/u><\/li>\n<li><u>16\/07 &#8211; Jundia\u00ed\/SP<\/u><\/li>\n<li><u>01\/08 &#8211; Campo Grande\/MS<\/u><\/li>\n<li><u>11\/08 &#8211; Rio de Janeiro\/RJ<\/u><\/li>\n<li><u>20\/08 &#8211; Guarulhos\/SP<\/u><\/li>\n<li><u>21\/08 &#8211; Sorocaba\/SP<\/u><\/li>\n<li><u>11\/09 &#8211; Caxias do Sul\/RS<\/u><\/li>\n<li><u>18\/09 &#8211; S\u00e3o Lu\u00eds\/MA<\/u><\/li>\n<li><u>22\/09 &#8211; Aracaju\/SE<\/u><\/li>\n<li><u>26\/09- Cuiab\u00e1\/MT<\/u><\/li>\n<li><u>30\/09 &#8211; Salvador\/BA<\/u><\/li>\n<li><u>01\/10 &#8211; Recife\/PE<\/u><\/li>\n<li><u>02\/10 &#8211; S\u00e3o Paulo\/SP<\/u><\/li>\n<li><u>03\/10 &#8211; Piracicaba\/SP<\/u><\/li>\n<li><u>04\/10 &#8211; Porto Alegre\/RS<\/u><\/li>\n<li><u>06\/10 &#8211; Natal\/RN<\/u><\/li>\n<li><u>07\/10 &#8211; Goi\u00e2nia\/GO<\/u><\/li>\n<li><u>10\/10 &#8211; Manaus\/AM<\/u><\/li>\n<li><u>16\/10 &#8211; Teresina\/PI<\/u><\/li>\n<li>23\/10 &#8211; Macei\u00f3-AL<\/li>\n<li><u>24\/10 &#8211; Jo\u00e3o Pessoa\/PB<\/u><\/li>\n<li><u>06\/11 &#8211; Belo Horizonte\/MG<\/u><\/li>\n<li><u>14\/11 &#8211; Palmas\/TO<\/u><\/li>\n<li><u>06\/12 &#8211; Florian\u00f3polis\/SC<\/u><\/li>\n<\/ul>\n","protected":false},"excerpt":{"rendered":"<p>Com o compromisso de fomentar a qualifica\u00e7\u00e3o e o fortalecimento da categoria dos representantes comerciais em todo o territ\u00f3rio nacional, o Confere est\u00e1 promovendo uma s\u00e9rie de palestras gratuitas com o renomado palestrante e estrategista de inova\u00e7\u00e3o Walter Longo. <\/p>\n","protected":false},"author":8,"featured_media":15961,"comment_status":"closed","ping_status":"closed","sticky":false,"template":"","format":"standard","meta":[],"categories":[34,49],"tags":[],"_links":{"self":[{"href":"https:\/\/www.confere.org.br\/wordpress\/wp-json\/wp\/v2\/posts\/15960"}],"collection":[{"href":"https:\/\/www.confere.org.br\/wordpress\/wp-json\/wp\/v2\/posts"}],"about":[{"href":"https:\/\/www.confere.org.br\/wordpress\/wp-json\/wp\/v2\/types\/post"}],"author":[{"embeddable":true,"href":"https:\/\/www.confere.org.br\/wordpress\/wp-json\/wp\/v2\/users\/8"}],"replies":[{"embeddable":true,"href":"https:\/\/www.confere.org.br\/wordpress\/wp-json\/wp\/v2\/comments?post=15960"}],"version-history":[{"count":3,"href":"https:\/\/www.confere.org.br\/wordpress\/wp-json\/wp\/v2\/posts\/15960\/revisions"}],"predecessor-version":[{"id":17069,"href":"https:\/\/www.confere.org.br\/wordpress\/wp-json\/wp\/v2\/posts\/15960\/revisions\/17069"}],"wp:featuredmedia":[{"embeddable":true,"href":"https:\/\/www.confere.org.br\/wordpress\/wp-json\/wp\/v2\/media\/15961"}],"wp:attachment":[{"href":"https:\/\/www.confere.org.br\/wordpress\/wp-json\/wp\/v2\/media?parent=15960"}],"wp:term":[{"taxonomy":"category","embeddable":true,"href":"https:\/\/www.confere.org.br\/wordpress\/wp-json\/wp\/v2\/categories?post=15960"},{"taxonomy":"post_tag","embeddable":true,"href":"https:\/\/www.confere.org.br\/wordpress\/wp-json\/wp\/v2\/tags?post=15960"}],"curies":[{"name":"wp","href":"https:\/\/api.w.org\/{rel}","templated":true}]}}