{"id":15991,"date":"2025-05-08T09:58:47","date_gmt":"2025-05-08T12:58:47","guid":{"rendered":"https:\/\/www.confere.org.br\/wordpress\/?p=15991"},"modified":"2025-05-08T10:12:40","modified_gmt":"2025-05-08T13:12:40","slug":"core-rs-inaugura-seccional-em-pelotas-e-fortalece-a-representacao-comercial-na-zona-sul-do-estado","status":"publish","type":"post","link":"https:\/\/www.confere.org.br\/wordpress\/core-rs-inaugura-seccional-em-pelotas-e-fortalece-a-representacao-comercial-na-zona-sul-do-estado\/","title":{"rendered":"Core-RS inaugura seccional em Pelotas e fortalece a representa\u00e7\u00e3o comercial na Zona Sul do Estado"},"content":{"rendered":"\n<p>A iniciativa \u00e9 um passo estrat\u00e9gico na valoriza\u00e7\u00e3o da categoria na regi\u00e3o sul do Estado.<\/p>\n<p>\u201cA inaugura\u00e7\u00e3o da seccional de Pelotas refor\u00e7a a representatividade na Zona Sul de nosso Estado. Estamos levando a estrutura do Core-RS para mais perto dos profissionais que movimentam a economia local. Mais do que um espa\u00e7o f\u00edsico, a seccional representa o fortalecimento da atua\u00e7\u00e3o institucional do Core-RS. Ao ampliar sua presen\u00e7a territorial, o Conselho refor\u00e7a seu compromisso com o desenvolvimento sustent\u00e1vel da atividade de representa\u00e7\u00e3o comercial, considerada essencial para a articula\u00e7\u00e3o entre ind\u00fastria, com\u00e9rcio e mercado consumidor\u201d, ressaltou Roberto Salvo, presidente do Regional ga\u00facho.<\/p>\n<p>A nova unidade oferecer\u00e1 os mesmos servi\u00e7os dispon\u00edveis na sede, incluindo registro inicial, parcelamentos, atendimento jur\u00eddico e assessoria, garantindo mais comodidade, agilidade e efici\u00eancia aos representantes comerciais da regi\u00e3o.<\/p>\n<p>\u201cA atua\u00e7\u00e3o dos Regionais em \u00e1reas estrat\u00e9gicas do pa\u00eds refor\u00e7a a miss\u00e3o do Sistema Confere\/Cores de promover inclus\u00e3o territorial, fortalecer a presen\u00e7a institucional e garantir o pleno exerc\u00edcio da Representa\u00e7\u00e3o Comercial com seguran\u00e7a jur\u00eddica e \u00e9tica profissional\u201d, destacou Archimedes Cavalcanti J\u00fanior, presidente do Confere.<\/p>\n<p>Prestigiaram o evento: representantes comerciais da regi\u00e3o; diretores e colaboradores do Core-RS; Archimedes Cavalcanti J\u00fanior, presidente do Confere; Paulo C\u00e9sar Nauiack, presidente do Core-PR; Jo\u00e3o Pedro da Silva Rosa, presidente do Core-SC; o vereador Rafael Amaral; Alessandro Berreira, presidente da Arecon\/Sul; Amanda Cobalchini, diretora do Sinduscon Pelotas; Ivan Ibribarem, presidente da FNC; Fabricio Cagol, presidente da ACP; e C\u00e9sar Thompsen, presidente do Sindicato dos Contabilistas de Pelotas.<\/p>\n","protected":false},"excerpt":{"rendered":"<p>Nesta ter\u00e7a-feira, 7 de maio, o Core-RS inaugurou oficialmente sua nova seccional em Pelotas, localizada na Rua Sete de Setembro, 244.<\/p>\n","protected":false},"author":8,"featured_media":15992,"comment_status":"closed","ping_status":"closed","sticky":false,"template":"","format":"standard","meta":[],"categories":[34,49],"tags":[],"_links":{"self":[{"href":"https:\/\/www.confere.org.br\/wordpress\/wp-json\/wp\/v2\/posts\/15991"}],"collection":[{"href":"https:\/\/www.confere.org.br\/wordpress\/wp-json\/wp\/v2\/posts"}],"about":[{"href":"https:\/\/www.confere.org.br\/wordpress\/wp-json\/wp\/v2\/types\/post"}],"author":[{"embeddable":true,"href":"https:\/\/www.confere.org.br\/wordpress\/wp-json\/wp\/v2\/users\/8"}],"replies":[{"embeddable":true,"href":"https:\/\/www.confere.org.br\/wordpress\/wp-json\/wp\/v2\/comments?post=15991"}],"version-history":[{"count":2,"href":"https:\/\/www.confere.org.br\/wordpress\/wp-json\/wp\/v2\/posts\/15991\/revisions"}],"predecessor-version":[{"id":16000,"href":"https:\/\/www.confere.org.br\/wordpress\/wp-json\/wp\/v2\/posts\/15991\/revisions\/16000"}],"wp:featuredmedia":[{"embeddable":true,"href":"https:\/\/www.confere.org.br\/wordpress\/wp-json\/wp\/v2\/media\/15992"}],"wp:attachment":[{"href":"https:\/\/www.confere.org.br\/wordpress\/wp-json\/wp\/v2\/media?parent=15991"}],"wp:term":[{"taxonomy":"category","embeddable":true,"href":"https:\/\/www.confere.org.br\/wordpress\/wp-json\/wp\/v2\/categories?post=15991"},{"taxonomy":"post_tag","embeddable":true,"href":"https:\/\/www.confere.org.br\/wordpress\/wp-json\/wp\/v2\/tags?post=15991"}],"curies":[{"name":"wp","href":"https:\/\/api.w.org\/{rel}","templated":true}]}}