{"id":16168,"date":"2025-06-02T13:02:57","date_gmt":"2025-06-02T16:02:57","guid":{"rendered":"https:\/\/www.confere.org.br\/wordpress\/?p=16168"},"modified":"2025-06-18T09:50:07","modified_gmt":"2025-06-18T12:50:07","slug":"core-to-e-parceiros-realizam-capacitacao-sobre-comunicacao-e-inteligencia-artificial-voltada-a-representantes-comerciais","status":"publish","type":"post","link":"https:\/\/www.confere.org.br\/wordpress\/core-to-e-parceiros-realizam-capacitacao-sobre-comunicacao-e-inteligencia-artificial-voltada-a-representantes-comerciais\/","title":{"rendered":"CORE-TO e parceiros realizam capacita\u00e7\u00e3o sobre comunica\u00e7\u00e3o e Intelig\u00eancia Artificial voltada a Representantes Comerciais"},"content":{"rendered":"\n\n\n<p class=\"x_MsoNormal\"><b>Data:<\/b>\u00a016 de junho<br \/><b>Hor\u00e1rio:<\/b>\u00a018h30<br \/><b>Local:<\/b>\u00a0Audit\u00f3rio da Fecom\u00e9rcio-TO<br \/><b>Endere\u00e7o:<\/b>\u00a0Quadra 101 Norte \u2013 Av. Joaquim Teot\u00f4nio Segurado, Conj. 01, Lote 02, Palmas \u2013 TO<\/p>\n<p class=\"x_MsoNormal\"><b>Palestras imperd\u00edveis:<\/b><br \/><i>Comunica\u00e7\u00e3o que convence e vende<\/i>\u00a0\u2014 com\u00a0<b>Munyque Fernandes<\/b><br \/><i>Destravando sua produtividade com IA<\/i>\u00a0\u2014 com\u00a0<b>Vagner Cassol<\/b><\/p>\n<p class=\"x_MsoNormal\">A Intelig\u00eancia Artificial j\u00e1 faz parte do dia a dia da Representa\u00e7\u00e3o Comercial. Aprenda a utilizar essa tecnologia a seu favor e melhore sua performance!<\/p>\n<ul>\n<li class=\"x_MsoNormal\">\u00a0Evento gratuito<\/li>\n<li class=\"x_MsoNormal\">Voltado para representantes comerciais<\/li>\n<li class=\"x_MsoNormal\">Vagas limitadas<\/li>\n<\/ul>\n<p class=\"x_MsoNormal\"><b>Participe e prepare-se para o futuro!<\/b><\/p>\n<p><a href=\"https:\/\/forms.office.com\/pages\/responsepage.aspx?id=la-0XwcjZUqic0DaYDTQzyxPepv1BeBOgu8HlhxISiBUQVUxUTgyS0tLUjY1NERNTVRPNDlTV0xYOC4u&amp;origin=lprLink&amp;route=shorturl\" target=\"_blank\" rel=\"noopener\">Inscreva-se agora<\/a><\/p>\n","protected":false},"excerpt":{"rendered":"<p>Data:\u00a016 de junhoHor\u00e1rio:\u00a018h30Local:\u00a0Audit\u00f3rio da Fecom\u00e9rcio-TOEndere\u00e7o:\u00a0Quadra 101 Norte \u2013 Av. Joaquim Teot\u00f4nio Segurado, Conj. 01, Lote 02, Palmas \u2013 TO Palestras imperd\u00edveis:Comunica\u00e7\u00e3o que convence e vende\u00a0\u2014 com\u00a0Munyque FernandesDestravando sua produtividade com IA\u00a0\u2014 com\u00a0Vagner Cassol A Intelig\u00eancia Artificial j\u00e1 faz parte do dia a dia da Representa\u00e7\u00e3o Comercial. Aprenda a utilizar essa tecnologia a seu favor e &hellip; <\/p>\n<p class=\"link-more\"><a href=\"https:\/\/www.confere.org.br\/wordpress\/core-to-e-parceiros-realizam-capacitacao-sobre-comunicacao-e-inteligencia-artificial-voltada-a-representantes-comerciais\/\" class=\"more-link\">Continue lendo<span class=\"screen-reader-text\"> &#8220;CORE-TO e parceiros realizam capacita\u00e7\u00e3o sobre comunica\u00e7\u00e3o e Intelig\u00eancia Artificial voltada a Representantes Comerciais&#8221;<\/span><\/a><\/p>\n","protected":false},"author":9,"featured_media":16169,"comment_status":"closed","ping_status":"closed","sticky":false,"template":"","format":"standard","meta":[],"categories":[34,49],"tags":[],"_links":{"self":[{"href":"https:\/\/www.confere.org.br\/wordpress\/wp-json\/wp\/v2\/posts\/16168"}],"collection":[{"href":"https:\/\/www.confere.org.br\/wordpress\/wp-json\/wp\/v2\/posts"}],"about":[{"href":"https:\/\/www.confere.org.br\/wordpress\/wp-json\/wp\/v2\/types\/post"}],"author":[{"embeddable":true,"href":"https:\/\/www.confere.org.br\/wordpress\/wp-json\/wp\/v2\/users\/9"}],"replies":[{"embeddable":true,"href":"https:\/\/www.confere.org.br\/wordpress\/wp-json\/wp\/v2\/comments?post=16168"}],"version-history":[{"count":2,"href":"https:\/\/www.confere.org.br\/wordpress\/wp-json\/wp\/v2\/posts\/16168\/revisions"}],"predecessor-version":[{"id":16171,"href":"https:\/\/www.confere.org.br\/wordpress\/wp-json\/wp\/v2\/posts\/16168\/revisions\/16171"}],"wp:featuredmedia":[{"embeddable":true,"href":"https:\/\/www.confere.org.br\/wordpress\/wp-json\/wp\/v2\/media\/16169"}],"wp:attachment":[{"href":"https:\/\/www.confere.org.br\/wordpress\/wp-json\/wp\/v2\/media?parent=16168"}],"wp:term":[{"taxonomy":"category","embeddable":true,"href":"https:\/\/www.confere.org.br\/wordpress\/wp-json\/wp\/v2\/categories?post=16168"},{"taxonomy":"post_tag","embeddable":true,"href":"https:\/\/www.confere.org.br\/wordpress\/wp-json\/wp\/v2\/tags?post=16168"}],"curies":[{"name":"wp","href":"https:\/\/api.w.org\/{rel}","templated":true}]}}