{"id":16173,"date":"2025-06-02T13:06:31","date_gmt":"2025-06-02T16:06:31","guid":{"rendered":"https:\/\/www.confere.org.br\/wordpress\/?p=16173"},"modified":"2025-06-27T14:19:33","modified_gmt":"2025-06-27T17:19:33","slug":"core-itinerante-3a-edicao-araguaina-junho-de-2025","status":"publish","type":"post","link":"https:\/\/www.confere.org.br\/wordpress\/core-itinerante-3a-edicao-araguaina-junho-de-2025\/","title":{"rendered":"CORE Itinerante \u2013 3\u00aa Edi\u00e7\u00e3o | Aragua\u00edna \u2013 Junho de 2025"},"content":{"rendered":"\n<p class=\"x_MsoNormal\"><b>CORE Itinerante \u2013 Aragua\u00edna (3\u00aa Edi\u00e7\u00e3o)<\/b><\/p>\n<p class=\"x_MsoNormal\"><br \/><b>Data:<\/b>\u00a024 e 25 de junho<br \/><b>Hor\u00e1rio:<\/b>\u00a0Das 8h30 \u00e0s 12h e das 13h \u00e0s 17h30<br \/><b>Local:<\/b>\u00a0Sesc CA Aragua\u00edna \u2013 Rua Joaquim Gava, Ch\u00e1cara 95<\/p>\n<p>Atendimento presencial do CORE-TO com os seguintes servi\u00e7os:<\/p>\n<ul>\n<li>Abertura e cancelamento de registro<\/li>\n<li>Emiss\u00e3o de certid\u00f5es e carteira digital<\/li>\n<li>Fiscaliza\u00e7\u00e3o<\/li>\n<li>Negocia\u00e7\u00e3o de d\u00e9bitos<\/li>\n<\/ul>\n<p class=\"x_MsoNormal\"><b>Informa\u00e7\u00f5es e contato:<\/b><br \/>Telefone: (63) 3212-1381 \/ 3212-1326<br \/>WhatsApp: (63) 9 8421-0177<\/p>\n<p class=\"x_MsoNormal\">Aproveite essa oportunidade para regularizar sua situa\u00e7\u00e3o profissional e esclarecer d\u00favidas diretamente com a equipe do CORE-TO!<\/p>\n","protected":false},"excerpt":{"rendered":"<p>CORE Itinerante \u2013 Aragua\u00edna (3\u00aa Edi\u00e7\u00e3o) Data:\u00a024 e 25 de junhoHor\u00e1rio:\u00a0Das 8h30 \u00e0s 12h e das 13h \u00e0s 17h30Local:\u00a0Sesc CA Aragua\u00edna \u2013 Rua Joaquim Gava, Ch\u00e1cara 95 Atendimento presencial do CORE-TO com os seguintes servi\u00e7os: Abertura e cancelamento de registro Emiss\u00e3o de certid\u00f5es e carteira digital Fiscaliza\u00e7\u00e3o Negocia\u00e7\u00e3o de d\u00e9bitos Informa\u00e7\u00f5es e contato:Telefone: (63) 3212-1381 &hellip; <\/p>\n<p class=\"link-more\"><a href=\"https:\/\/www.confere.org.br\/wordpress\/core-itinerante-3a-edicao-araguaina-junho-de-2025\/\" class=\"more-link\">Continue lendo<span class=\"screen-reader-text\"> &#8220;CORE Itinerante \u2013 3\u00aa Edi\u00e7\u00e3o | Aragua\u00edna \u2013 Junho de 2025&#8221;<\/span><\/a><\/p>\n","protected":false},"author":9,"featured_media":16174,"comment_status":"closed","ping_status":"closed","sticky":false,"template":"","format":"standard","meta":[],"categories":[34,49],"tags":[],"_links":{"self":[{"href":"https:\/\/www.confere.org.br\/wordpress\/wp-json\/wp\/v2\/posts\/16173"}],"collection":[{"href":"https:\/\/www.confere.org.br\/wordpress\/wp-json\/wp\/v2\/posts"}],"about":[{"href":"https:\/\/www.confere.org.br\/wordpress\/wp-json\/wp\/v2\/types\/post"}],"author":[{"embeddable":true,"href":"https:\/\/www.confere.org.br\/wordpress\/wp-json\/wp\/v2\/users\/9"}],"replies":[{"embeddable":true,"href":"https:\/\/www.confere.org.br\/wordpress\/wp-json\/wp\/v2\/comments?post=16173"}],"version-history":[{"count":5,"href":"https:\/\/www.confere.org.br\/wordpress\/wp-json\/wp\/v2\/posts\/16173\/revisions"}],"predecessor-version":[{"id":16179,"href":"https:\/\/www.confere.org.br\/wordpress\/wp-json\/wp\/v2\/posts\/16173\/revisions\/16179"}],"wp:featuredmedia":[{"embeddable":true,"href":"https:\/\/www.confere.org.br\/wordpress\/wp-json\/wp\/v2\/media\/16174"}],"wp:attachment":[{"href":"https:\/\/www.confere.org.br\/wordpress\/wp-json\/wp\/v2\/media?parent=16173"}],"wp:term":[{"taxonomy":"category","embeddable":true,"href":"https:\/\/www.confere.org.br\/wordpress\/wp-json\/wp\/v2\/categories?post=16173"},{"taxonomy":"post_tag","embeddable":true,"href":"https:\/\/www.confere.org.br\/wordpress\/wp-json\/wp\/v2\/tags?post=16173"}],"curies":[{"name":"wp","href":"https:\/\/api.w.org\/{rel}","templated":true}]}}