{"id":16217,"date":"2025-06-06T09:26:37","date_gmt":"2025-06-06T12:26:37","guid":{"rendered":"https:\/\/www.confere.org.br\/wordpress\/?p=16217"},"modified":"2025-06-06T09:28:38","modified_gmt":"2025-06-06T12:28:38","slug":"tesouro-capta-us-275-bi-no-exterior-com-maior-demanda-em-sete-anos","status":"publish","type":"post","link":"https:\/\/www.confere.org.br\/wordpress\/tesouro-capta-us-275-bi-no-exterior-com-maior-demanda-em-sete-anos\/","title":{"rendered":"Tesouro capta US$ 2,75 bi no exterior com maior demanda em sete anos"},"content":{"rendered":"\n<p>O Tesouro Nacional captou US$ 2,75 bilh\u00f5es de investidores internacionais com aumento de juros em rela\u00e7\u00e3o \u00e0s \u00faltimas emiss\u00f5es. O dinheiro veio do lan\u00e7amento, nesta quarta-feira (4), de US$ 1,5 bilh\u00e3o em t\u00edtulos da d\u00edvida externa com vencimento em 2030 e de US$ 1,25 bilh\u00e3o em pap\u00e9is com vencimento em 2035.<\/p>\n<p>Segundo o Tesouro, a demanda chegou a US$ 10,9 bilh\u00f5es no hor\u00e1rio de pico, superando a oferta em cerca de quatro vezes. De acordo com o \u00f3rg\u00e3o, a rela\u00e7\u00e3o demanda e oferta atingiu o maior n\u00edvel em sete anos. Entre os compradores, 87% v\u00eam da Europa e da Am\u00e9rica do Norte. Os investidores da Am\u00e9rica Latina, incluindo o Brasil, responderam por 11,6% das compras.<\/p>\n<h3>Taxas<\/h3>\n<p><br \/>A taxa obtida na emiss\u00e3o dos pap\u00e9is de cinco anos somou 5,68% ao ano. No \u00faltimo lan\u00e7amento desse tipo de papel, em dezembro de 2020, o rendimento havia sido 2,2% ao ano. No entanto, naquela \u00e9poca, as taxas dos pap\u00e9is do Tesouro norte-americano estavam praticamente zeradas por causa da pandemia de covid-19.<\/p>\n<p>No caso dos pap\u00e9is de cinco anos, as taxas foram as mais altas da hist\u00f3ria para esse tipo de t\u00edtulo. Apesar das taxas mais altas, as taxas foram menores que as esperadas, de 6,125% ao ano.<\/p>\n<p>Para os pap\u00e9is de dez anos, a taxa somou 6,73% ao ano. Na emiss\u00e3o mais recente, em fevereiro deste ano, os juros alcan\u00e7ados haviam somado 6,75% ao ano.<\/p>\n<p>As taxas esperadas estavam em 7,125% ao ano. No entanto, continuam mais altas que nas emiss\u00f5es de janeiro do ano passado, quando estavam em 6,35% ao ano.<\/p>\n<p>Os juros b\u00e1sicos nos Estados Unidos come\u00e7aram a subir em 2022 e, desde julho do ano passado, est\u00e3o est\u00e1veis numa banda entre 5,25% e 5,5% ao ano. Como a taxa final dos t\u00edtulos brasileiros no exterior depende do rendimento dos t\u00edtulos norte-americanos, considerados os investimentos mais seguros do mundo, mais um pr\u00eamio de risco, os juros para os pap\u00e9is brasileiros tamb\u00e9m subiram.<\/p>\n<p>Taxas baixas de juros indicam pouca desconfian\u00e7a dos investidores de que o Brasil n\u00e3o conseguir\u00e1 pagar a d\u00edvida. Em momentos de crise econ\u00f4mica e de aumento das taxas externas como o atual, os estrangeiros passaram a cobrar juros mais elevados para comprar os pap\u00e9is brasileiros.<\/p>\n<p>Por meio do lan\u00e7amento de t\u00edtulos da d\u00edvida externa, o governo pega dinheiro emprestado dos investidores internacionais com o compromisso de devolver os recursos com juros. Isso significa que o Brasil devolver\u00e1 o dinheiro daqui a v\u00e1rios anos com a corre\u00e7\u00e3o dos juros acordada, de 5,68% ao ano para os pap\u00e9is que vencem daqui a cinco anos e 6,73% ao ano para os pap\u00e9is que vencem em dez anos.<\/p>\n<h3>Spread<\/h3>\n<p><br \/>O spread, que \u00e9 a diferen\u00e7a entre os t\u00edtulos brasileiros de cinco anos e os pap\u00e9is do Tesouro norte-americano com o mesmo prazo caiu. A taxa do papel brasileiro foi 175,5 pontos-base (1,755 ponto percentual) acima dos juros dos pap\u00e9is norte-americanos. Na emiss\u00e3o anterior, em dezembro de 2020, a diferen\u00e7a havia ficado em 177,9 pontos (1,779 ponto percentual).<\/p>\n<p>Em rela\u00e7\u00e3o aos pap\u00e9is de dez anos, o spread subiu e ficou em 237,5 pontos (2,375 pontos percentuais). Isso representa alta em rela\u00e7\u00e3o \u00e0 \u00faltima emiss\u00e3o, em fevereiro deste ano, quando a diferen\u00e7a tinha ficado em 220 pontos.<\/p>\n<p>Os recursos captados no exterior ser\u00e3o incorporados \u00e0s reservas internacionais do pa\u00eds em 11 de junho. De acordo com o Tesouro Nacional, as emiss\u00f5es de t\u00edtulos no exterior n\u00e3o t\u00eam como objetivo principal refor\u00e7ar as divisas do pa\u00eds, mas fornecer um referencial para empresas brasileiras que pretendem captar recursos no mercado financeiro internacional e dar mais liquidez para a d\u00edvida externa brasileira.<\/p>\n<p>\u00a0<\/p>\n<p>Fonte: Ag\u00eancia Brasil<\/p>\n","protected":false},"excerpt":{"rendered":"<p>Taxa para t\u00edtulos de dez anos caiu levemente<\/p>\n","protected":false},"author":9,"featured_media":16219,"comment_status":"closed","ping_status":"closed","sticky":false,"template":"","format":"standard","meta":[],"categories":[2],"tags":[],"_links":{"self":[{"href":"https:\/\/www.confere.org.br\/wordpress\/wp-json\/wp\/v2\/posts\/16217"}],"collection":[{"href":"https:\/\/www.confere.org.br\/wordpress\/wp-json\/wp\/v2\/posts"}],"about":[{"href":"https:\/\/www.confere.org.br\/wordpress\/wp-json\/wp\/v2\/types\/post"}],"author":[{"embeddable":true,"href":"https:\/\/www.confere.org.br\/wordpress\/wp-json\/wp\/v2\/users\/9"}],"replies":[{"embeddable":true,"href":"https:\/\/www.confere.org.br\/wordpress\/wp-json\/wp\/v2\/comments?post=16217"}],"version-history":[{"count":3,"href":"https:\/\/www.confere.org.br\/wordpress\/wp-json\/wp\/v2\/posts\/16217\/revisions"}],"predecessor-version":[{"id":16221,"href":"https:\/\/www.confere.org.br\/wordpress\/wp-json\/wp\/v2\/posts\/16217\/revisions\/16221"}],"wp:featuredmedia":[{"embeddable":true,"href":"https:\/\/www.confere.org.br\/wordpress\/wp-json\/wp\/v2\/media\/16219"}],"wp:attachment":[{"href":"https:\/\/www.confere.org.br\/wordpress\/wp-json\/wp\/v2\/media?parent=16217"}],"wp:term":[{"taxonomy":"category","embeddable":true,"href":"https:\/\/www.confere.org.br\/wordpress\/wp-json\/wp\/v2\/categories?post=16217"},{"taxonomy":"post_tag","embeddable":true,"href":"https:\/\/www.confere.org.br\/wordpress\/wp-json\/wp\/v2\/tags?post=16217"}],"curies":[{"name":"wp","href":"https:\/\/api.w.org\/{rel}","templated":true}]}}