{"id":16282,"date":"2025-06-17T10:46:33","date_gmt":"2025-06-17T13:46:33","guid":{"rendered":"https:\/\/www.confere.org.br\/wordpress\/?p=16282"},"modified":"2025-06-17T10:46:34","modified_gmt":"2025-06-17T13:46:34","slug":"pais-recebera-r13-bi-de-fundos-externos-para-descarbonizar-industria","status":"publish","type":"post","link":"https:\/\/www.confere.org.br\/wordpress\/pais-recebera-r13-bi-de-fundos-externos-para-descarbonizar-industria\/","title":{"rendered":"Pa\u00eds receber\u00e1 R$1,3 bi de fundos externos para descarbonizar ind\u00fastria"},"content":{"rendered":"\n<p>O Brasil receber\u00e1 US$ 250 milh\u00f5es (R$ 1,3 bilh\u00e3o) dos Fundos de Investimento Clim\u00e1tico (CIF, na sigla em ingl\u00eas) para o Programa de Descarboniza\u00e7\u00e3o da Ind\u00fastria. Elaborado por tr\u00eas minist\u00e9rios, o projeto do governo brasileiro venceu uma disputa entre 26 pa\u00edses.<\/p>\n<p>O projeto brasileiro foi apresentado pelos minist\u00e9rios do Desenvolvimento, Ind\u00fastria, Com\u00e9rcio e Servi\u00e7os (MDIC); da Fazenda; e de Minas e Energia.<\/p>\n<p>Com a pontua\u00e7\u00e3o mais alta, o documento prop\u00f5e estrat\u00e9gia para acelerar a transi\u00e7\u00e3o de setores industriais intensivos em emiss\u00f5es \u2013 como cimento, a\u00e7o, alum\u00ednio, qu\u00edmicos e fertilizantes.<\/p>\n<p>A proposta brasileira tamb\u00e9m prev\u00ea o desenvolvimento de tecnologias de baixo carbono, com \u00eanfase na inova\u00e7\u00e3o, na promo\u00e7\u00e3o da economia circular e na gera\u00e7\u00e3o de empregos verdes.<\/p>\n<p>O projeto integra a Estrat\u00e9gia Nacional de Descarboniza\u00e7\u00e3o Industrial, um dos pilares do Programa Nova Ind\u00fastria Brasil (NIB), lan\u00e7ado no in\u00edcio de 2024.<\/p>\n<p>As propostas dos 26 pa\u00edses foram analisadas pelo Comit\u00ea do Fundo Fiduci\u00e1rio do CIF, com base em avalia\u00e7\u00e3o t\u00e9cnica realizada por um grupo independente de especialistas.<\/p>\n<p>Nos pr\u00f3ximos meses, o Brasil apresentar\u00e1 o plano de investimentos, que ser\u00e1 submetido \u00e0 aprova\u00e7\u00e3o desse comit\u00ea, com detalhes sobre projetos priorit\u00e1rios, instrumentos financeiros e estrat\u00e9gias de mobiliza\u00e7\u00e3o de capital privado.<\/p>\n<p>Os Fundos de Investimento Clim\u00e1tico s\u00e3o uma iniciativa global que mobiliza recursos financeiros para apoiar pa\u00edses em desenvolvimento na ado\u00e7\u00e3o de solu\u00e7\u00f5es inovadoras contra mudan\u00e7as clim\u00e1ticas.<\/p>\n<p>O CIF tem como objetivo promover tecnologias limpas, acesso \u00e0 energia, resili\u00eancia clim\u00e1tica e manejo sustent\u00e1vel de florestas, contribuindo para o desenvolvimento sustent\u00e1vel e para a redu\u00e7\u00e3o de emiss\u00f5es de gases de efeito estufa.<\/p>\n<p>\u00a0<\/p>\n<p>Fonte: Ag\u00eancia Brasil<\/p>\n","protected":false},"excerpt":{"rendered":"<p>Projeto do governo brasileiro venceu disputa entre 26 pa\u00edses<\/p>\n","protected":false},"author":9,"featured_media":16283,"comment_status":"closed","ping_status":"closed","sticky":false,"template":"","format":"standard","meta":[],"categories":[2],"tags":[],"_links":{"self":[{"href":"https:\/\/www.confere.org.br\/wordpress\/wp-json\/wp\/v2\/posts\/16282"}],"collection":[{"href":"https:\/\/www.confere.org.br\/wordpress\/wp-json\/wp\/v2\/posts"}],"about":[{"href":"https:\/\/www.confere.org.br\/wordpress\/wp-json\/wp\/v2\/types\/post"}],"author":[{"embeddable":true,"href":"https:\/\/www.confere.org.br\/wordpress\/wp-json\/wp\/v2\/users\/9"}],"replies":[{"embeddable":true,"href":"https:\/\/www.confere.org.br\/wordpress\/wp-json\/wp\/v2\/comments?post=16282"}],"version-history":[{"count":1,"href":"https:\/\/www.confere.org.br\/wordpress\/wp-json\/wp\/v2\/posts\/16282\/revisions"}],"predecessor-version":[{"id":16284,"href":"https:\/\/www.confere.org.br\/wordpress\/wp-json\/wp\/v2\/posts\/16282\/revisions\/16284"}],"wp:featuredmedia":[{"embeddable":true,"href":"https:\/\/www.confere.org.br\/wordpress\/wp-json\/wp\/v2\/media\/16283"}],"wp:attachment":[{"href":"https:\/\/www.confere.org.br\/wordpress\/wp-json\/wp\/v2\/media?parent=16282"}],"wp:term":[{"taxonomy":"category","embeddable":true,"href":"https:\/\/www.confere.org.br\/wordpress\/wp-json\/wp\/v2\/categories?post=16282"},{"taxonomy":"post_tag","embeddable":true,"href":"https:\/\/www.confere.org.br\/wordpress\/wp-json\/wp\/v2\/tags?post=16282"}],"curies":[{"name":"wp","href":"https:\/\/api.w.org\/{rel}","templated":true}]}}