{"id":16285,"date":"2025-06-18T09:48:52","date_gmt":"2025-06-18T12:48:52","guid":{"rendered":"https:\/\/www.confere.org.br\/wordpress\/?p=16285"},"modified":"2025-06-27T14:19:01","modified_gmt":"2025-06-27T17:19:01","slug":"ciclo-de-capacitacao-e-treinamento-com-walter-longo-belo-horizonte-mg","status":"publish","type":"post","link":"https:\/\/www.confere.org.br\/wordpress\/ciclo-de-capacitacao-e-treinamento-com-walter-longo-belo-horizonte-mg\/","title":{"rendered":"Ciclo de capacita\u00e7\u00e3o e treinamento com Walter Longo: Belo Horizonte &#8211; MG"},"content":{"rendered":"\n<p>O ciclo de capacita\u00e7\u00e3o e treinamento deste ano continua: Walter Longo &#8211; empreendedor, palestrante, professor e especialista em inova\u00e7\u00e3o, neg\u00f3cios e transforma\u00e7\u00e3o digital.<\/p>\n<p>O mercado est\u00e1 em constante evolu\u00e7\u00e3o, e entender como a IA pode transformar as negocia\u00e7\u00f5es, a prospec\u00e7\u00e3o de clientes e o relacionamento comercial \u00e9 fundamental para quem deseja se destacar.<\/p>\n<p>Walter Longo \u00e9 refer\u00eancia quando o assunto \u00e9 o futuro dos neg\u00f3cios. Com uma vis\u00e3o estrat\u00e9gica sobre o impacto da tecnologia no mercado, ele trar\u00e1 reflex\u00f5es essenciais para os representantes comerciais se adaptarem e prosperarem na era da Intelig\u00eancia Artificial.<\/p>\n<ul>\n<li>Tema: Impactos da Intelig\u00eancia Artificial nos Neg\u00f3cios de Representa\u00e7\u00e3o Comercial e na Sociedade<\/li>\n<li>Data: 26 de junho<\/li>\n<li>Hor\u00e1rio: 18h<\/li>\n<li>Local: Sede Core-MG<\/li>\n<li>Endere\u00e7o: Av. Bias Fortes, 382 &#8211; Lourdes, Belo Horizonte &#8211; MG, 30170-010<\/li>\n<\/ul>\n<p>Vagas limitadas! Garanta seu lugar: <a href=\"https:\/\/www.confere.org.br\/inscricoes\" target=\"_blank\" rel=\"noopener\">inscreva-se!<\/a><\/p>\n","protected":false},"excerpt":{"rendered":"<p>O ciclo de capacita\u00e7\u00e3o e treinamento deste ano continua: Walter Longo &#8211; empreendedor, palestrante, professor e especialista em inova\u00e7\u00e3o, neg\u00f3cios e transforma\u00e7\u00e3o digital. O mercado est\u00e1 em constante evolu\u00e7\u00e3o, e entender como a IA pode transformar as negocia\u00e7\u00f5es, a prospec\u00e7\u00e3o de clientes e o relacionamento comercial \u00e9 fundamental para quem deseja se destacar. Walter Longo &hellip; <\/p>\n<p class=\"link-more\"><a href=\"https:\/\/www.confere.org.br\/wordpress\/ciclo-de-capacitacao-e-treinamento-com-walter-longo-belo-horizonte-mg\/\" class=\"more-link\">Continue lendo<span class=\"screen-reader-text\"> &#8220;Ciclo de capacita\u00e7\u00e3o e treinamento com Walter Longo: Belo Horizonte &#8211; MG&#8221;<\/span><\/a><\/p>\n","protected":false},"author":9,"featured_media":16288,"comment_status":"closed","ping_status":"closed","sticky":false,"template":"","format":"standard","meta":[],"categories":[34,49],"tags":[],"_links":{"self":[{"href":"https:\/\/www.confere.org.br\/wordpress\/wp-json\/wp\/v2\/posts\/16285"}],"collection":[{"href":"https:\/\/www.confere.org.br\/wordpress\/wp-json\/wp\/v2\/posts"}],"about":[{"href":"https:\/\/www.confere.org.br\/wordpress\/wp-json\/wp\/v2\/types\/post"}],"author":[{"embeddable":true,"href":"https:\/\/www.confere.org.br\/wordpress\/wp-json\/wp\/v2\/users\/9"}],"replies":[{"embeddable":true,"href":"https:\/\/www.confere.org.br\/wordpress\/wp-json\/wp\/v2\/comments?post=16285"}],"version-history":[{"count":3,"href":"https:\/\/www.confere.org.br\/wordpress\/wp-json\/wp\/v2\/posts\/16285\/revisions"}],"predecessor-version":[{"id":16291,"href":"https:\/\/www.confere.org.br\/wordpress\/wp-json\/wp\/v2\/posts\/16285\/revisions\/16291"}],"wp:featuredmedia":[{"embeddable":true,"href":"https:\/\/www.confere.org.br\/wordpress\/wp-json\/wp\/v2\/media\/16288"}],"wp:attachment":[{"href":"https:\/\/www.confere.org.br\/wordpress\/wp-json\/wp\/v2\/media?parent=16285"}],"wp:term":[{"taxonomy":"category","embeddable":true,"href":"https:\/\/www.confere.org.br\/wordpress\/wp-json\/wp\/v2\/categories?post=16285"},{"taxonomy":"post_tag","embeddable":true,"href":"https:\/\/www.confere.org.br\/wordpress\/wp-json\/wp\/v2\/tags?post=16285"}],"curies":[{"name":"wp","href":"https:\/\/api.w.org\/{rel}","templated":true}]}}