{"id":16292,"date":"2025-06-18T15:33:32","date_gmt":"2025-06-18T18:33:32","guid":{"rendered":"https:\/\/www.confere.org.br\/wordpress\/?p=16292"},"modified":"2025-06-18T15:47:09","modified_gmt":"2025-06-18T18:47:09","slug":"presidente-do-confere-participa-de-lancamento-da-uniabad-e-destaca-alinhamento-de-propostas-do-conselho","status":"publish","type":"post","link":"https:\/\/www.confere.org.br\/wordpress\/presidente-do-confere-participa-de-lancamento-da-uniabad-e-destaca-alinhamento-de-propostas-do-conselho\/","title":{"rendered":"Presidente do Confere participa de lan\u00e7amento da UniABAD e destaca alinhamento de propostas do Conselho"},"content":{"rendered":"\n<p>O presidente do Conselho Federal dos Representantes Comerciais (Confere), Archimedes Cavalcanti J\u00fanior, participou da apresenta\u00e7\u00e3o oficial da UniABAD \u2014 a primeira universidade voltada exclusivamente \u00e0 forma\u00e7\u00e3o da for\u00e7a de vendas do setor atacadista e distribuidor \u2014 durante a 44\u00aa Conven\u00e7\u00e3o Nacional e Anual do Canal Indireto, realizada em Atibaia (SP).<\/p>\n<p>Na manh\u00e3 de ter\u00e7a-feira (17\/06), a apresenta\u00e7\u00e3o da UniABAD destacou os diferenciais do novo Curso Superior de Tecnologia em Gest\u00e3o de Vendas, Log\u00edstica e Distribui\u00e7\u00e3o, como mensalidade acess\u00edvel (R$ 199,90), modalidade 100% on-line, dura\u00e7\u00e3o de dois anos e aprova\u00e7\u00e3o com nota m\u00e1xima pelo MEC.<\/p>\n<p>Archimedes foi convidado ao palco por Leonardo Miguel Severini, presidente da ABAD e da UNECS, e manifestou apoio \u00e0 iniciativa: \u201cA proposta da UniABAD est\u00e1 totalmente alinhada ao que o Confere tem defendido: qualifica\u00e7\u00e3o, valoriza\u00e7\u00e3o profissional e fortalecimento da representa\u00e7\u00e3o comercial no Brasil.\u201d<\/p>\n<p>A cria\u00e7\u00e3o da UniABAD \u00e9 fruto de uma parceria com a Faculdade Jardim e o NIVE (N\u00facleo de Inova\u00e7\u00e3o em Varejo e Empreendedorismo), reafirmando o compromisso da ABAD com a forma\u00e7\u00e3o superior voltada \u00e0s necessidades do mercado e ao desenvolvimento do setor.<\/p>\n\n\n","protected":false},"excerpt":{"rendered":"<p>O presidente do Conselho Federal dos Representantes Comerciais (Confere), Archimedes Cavalcanti J\u00fanior, participou da apresenta\u00e7\u00e3o oficial da UniABAD<\/p>\n","protected":false},"author":8,"featured_media":16308,"comment_status":"closed","ping_status":"closed","sticky":false,"template":"","format":"standard","meta":[],"categories":[34,49],"tags":[],"_links":{"self":[{"href":"https:\/\/www.confere.org.br\/wordpress\/wp-json\/wp\/v2\/posts\/16292"}],"collection":[{"href":"https:\/\/www.confere.org.br\/wordpress\/wp-json\/wp\/v2\/posts"}],"about":[{"href":"https:\/\/www.confere.org.br\/wordpress\/wp-json\/wp\/v2\/types\/post"}],"author":[{"embeddable":true,"href":"https:\/\/www.confere.org.br\/wordpress\/wp-json\/wp\/v2\/users\/8"}],"replies":[{"embeddable":true,"href":"https:\/\/www.confere.org.br\/wordpress\/wp-json\/wp\/v2\/comments?post=16292"}],"version-history":[{"count":3,"href":"https:\/\/www.confere.org.br\/wordpress\/wp-json\/wp\/v2\/posts\/16292\/revisions"}],"predecessor-version":[{"id":16311,"href":"https:\/\/www.confere.org.br\/wordpress\/wp-json\/wp\/v2\/posts\/16292\/revisions\/16311"}],"wp:featuredmedia":[{"embeddable":true,"href":"https:\/\/www.confere.org.br\/wordpress\/wp-json\/wp\/v2\/media\/16308"}],"wp:attachment":[{"href":"https:\/\/www.confere.org.br\/wordpress\/wp-json\/wp\/v2\/media?parent=16292"}],"wp:term":[{"taxonomy":"category","embeddable":true,"href":"https:\/\/www.confere.org.br\/wordpress\/wp-json\/wp\/v2\/categories?post=16292"},{"taxonomy":"post_tag","embeddable":true,"href":"https:\/\/www.confere.org.br\/wordpress\/wp-json\/wp\/v2\/tags?post=16292"}],"curies":[{"name":"wp","href":"https:\/\/api.w.org\/{rel}","templated":true}]}}