{"id":16312,"date":"2025-06-23T15:15:14","date_gmt":"2025-06-23T18:15:14","guid":{"rendered":"https:\/\/www.confere.org.br\/wordpress\/?p=16312"},"modified":"2025-06-23T15:20:05","modified_gmt":"2025-06-23T18:20:05","slug":"core-ce-e-confere-assinam-acordo-de-cooperacao-tecnica-com-srte-ce-para-fortalecer-a-fiscalizacao-e-valorizar-a-representacao-comercial","status":"publish","type":"post","link":"https:\/\/www.confere.org.br\/wordpress\/core-ce-e-confere-assinam-acordo-de-cooperacao-tecnica-com-srte-ce-para-fortalecer-a-fiscalizacao-e-valorizar-a-representacao-comercial\/","title":{"rendered":"Core-CE e Confere assinam Acordo de Coopera\u00e7\u00e3o T\u00e9cnica com SRTE\/CE para fortalecer a fiscaliza\u00e7\u00e3o e valorizar a Representa\u00e7\u00e3o Comercial"},"content":{"rendered":"\n\n\n<p>O acordo estabelece uma parceria estrat\u00e9gica voltada \u00e0 implementa\u00e7\u00e3o de mecanismos de articula\u00e7\u00e3o e colabora\u00e7\u00e3o institucional, com foco no planejamento, desenvolvimento e execu\u00e7\u00e3o de a\u00e7\u00f5es conjuntas de fiscaliza\u00e7\u00e3o e promo\u00e7\u00e3o da regularidade profissional.<\/p>\n<p>A iniciativa tem como finalidade principal prevenir, identificar e combater o exerc\u00edcio irregular de atividades profissionais, especialmente no \u00e2mbito da Representa\u00e7\u00e3o Comercial, com base nas normas trabalhistas e nos dispositivos legais que regem o devido registro profissional.<\/p>\n<p>Al\u00e9m disso, o acordo promove a transpar\u00eancia nas rela\u00e7\u00f5es de trabalho, o fortalecimento da \u00e9tica p\u00fablica e o aperfei\u00e7oamento das pr\u00e1ticas administrativas, contribuindo para a moderniza\u00e7\u00e3o e a efici\u00eancia da Administra\u00e7\u00e3o P\u00fablica.<\/p>\n<p>Por meio deste instrumento, as institui\u00e7\u00f5es signat\u00e1rias comprometem-se a compartilhar informa\u00e7\u00f5es, conhecimentos t\u00e9cnicos e boas pr\u00e1ticas, bem como a desenvolver estrat\u00e9gias integradas que assegurem o respeito \u00e0 dignidade do trabalho e \u00e0 legalidade profissional.<\/p>\n<p>\u201cEste acordo simboliza o compromisso conjunto de promover um ambiente profissional mais justo, \u00e9tico e regular. Ao unirmos esfor\u00e7os com a SRTE\/CE e o Core-CE, fortalecemos a fiscaliza\u00e7\u00e3o, valorizamos os profissionais registrados e refor\u00e7amos nosso papel na defesa da sociedade. \u00c9 uma iniciativa que consolida a representa\u00e7\u00e3o comercial como uma atividade s\u00e9ria, legalmente amparada e essencial para o desenvolvimento das rela\u00e7\u00f5es comerciais no Brasil\u201d, destacou o presidente do Confere, Archimedes Cavalcanti J\u00fanior.<\/p>\n","protected":false},"excerpt":{"rendered":"<p>Nesta segunda-feira, 23 de junho, no Audit\u00f3rio da Receita Federal em Fortaleza, foi assinado o Acordo de Coopera\u00e7\u00e3o T\u00e9cnica entre o Conselho Regional dos Representantes Comerciais no Estado do Cear\u00e1 (Core-CE), a Superintend\u00eancia Regional do Trabalho no Estado do Cear\u00e1 (SRTE\/CE) e o Conselho Federal dos Representantes Comerciais (Confere).<\/p>\n","protected":false},"author":8,"featured_media":16324,"comment_status":"closed","ping_status":"closed","sticky":false,"template":"","format":"standard","meta":[],"categories":[34,49],"tags":[],"_links":{"self":[{"href":"https:\/\/www.confere.org.br\/wordpress\/wp-json\/wp\/v2\/posts\/16312"}],"collection":[{"href":"https:\/\/www.confere.org.br\/wordpress\/wp-json\/wp\/v2\/posts"}],"about":[{"href":"https:\/\/www.confere.org.br\/wordpress\/wp-json\/wp\/v2\/types\/post"}],"author":[{"embeddable":true,"href":"https:\/\/www.confere.org.br\/wordpress\/wp-json\/wp\/v2\/users\/8"}],"replies":[{"embeddable":true,"href":"https:\/\/www.confere.org.br\/wordpress\/wp-json\/wp\/v2\/comments?post=16312"}],"version-history":[{"count":1,"href":"https:\/\/www.confere.org.br\/wordpress\/wp-json\/wp\/v2\/posts\/16312\/revisions"}],"predecessor-version":[{"id":16321,"href":"https:\/\/www.confere.org.br\/wordpress\/wp-json\/wp\/v2\/posts\/16312\/revisions\/16321"}],"wp:featuredmedia":[{"embeddable":true,"href":"https:\/\/www.confere.org.br\/wordpress\/wp-json\/wp\/v2\/media\/16324"}],"wp:attachment":[{"href":"https:\/\/www.confere.org.br\/wordpress\/wp-json\/wp\/v2\/media?parent=16312"}],"wp:term":[{"taxonomy":"category","embeddable":true,"href":"https:\/\/www.confere.org.br\/wordpress\/wp-json\/wp\/v2\/categories?post=16312"},{"taxonomy":"post_tag","embeddable":true,"href":"https:\/\/www.confere.org.br\/wordpress\/wp-json\/wp\/v2\/tags?post=16312"}],"curies":[{"name":"wp","href":"https:\/\/api.w.org\/{rel}","templated":true}]}}