{"id":16325,"date":"2025-06-24T10:43:48","date_gmt":"2025-06-24T13:43:48","guid":{"rendered":"https:\/\/www.confere.org.br\/wordpress\/?p=16325"},"modified":"2025-06-24T10:43:49","modified_gmt":"2025-06-24T13:43:49","slug":"bb-assina-acordo-de-us-700-milhoes-para-exportacoes-e-energia-limp","status":"publish","type":"post","link":"https:\/\/www.confere.org.br\/wordpress\/bb-assina-acordo-de-us-700-milhoes-para-exportacoes-e-energia-limp\/","title":{"rendered":"BB assina acordo de US$ 700 milh\u00f5es para exporta\u00e7\u00f5es e energia limp"},"content":{"rendered":"\n<p>Micro, pequenas e m\u00e9dias empresas (MPMEs) ter\u00e3o at\u00e9 US$ 700 milh\u00f5es nos pr\u00f3ximos tr\u00eas anos para implementar projetos de energia limpa e ganhar acesso ao mercado internacional. O Banco do Brasil (BB) assinou, em Londres, acordo com a Ag\u00eancia de Garantia de Investimentos Multilaterais (MIGA, na sigla em ingl\u00eas), ag\u00eancia do Banco Mundial que apoia empresas de menor porte.<\/p>\n<p>As MPMEs poder\u00e3o financiar opera\u00e7\u00f5es de com\u00e9rcio exterior, a produ\u00e7\u00e3o sustent\u00e1vel e projetos de energia renov\u00e1vel. Na \u00e1rea de energia, as empresas poder\u00e3o ter acesso a cr\u00e9dito para a compra de equipamentos e insumos como biocombust\u00edveis, sistemas de energia solar, e\u00f3lica e de biomassa.<\/p>\n<p>A iniciativa integra o programa Garantia de Finan\u00e7as Comerciais (TFG, na sigla em ingl\u00eas) da MIGA. Esse programa oferece garantias contra risco de inadimpl\u00eancia, permitindo que institui\u00e7\u00f5es financeiras globais concedam cr\u00e9dito ao Banco do Brasil com menor risco e juros mais baixos.<\/p>\n<p>A ag\u00eancia do Banco Mundial oferecer\u00e1 at\u00e9 US$ 700 milh\u00f5es ao longo de tr\u00eas anos, com prazos de at\u00e9 um ano para cada desembolso. O primeiro desembolso no programa ser\u00e1 imediato. de US$ 350 milh\u00f5es, com participa\u00e7\u00e3o de institui\u00e7\u00f5es como o Banco Bilbao Vizcaya Argentaria (BBVA) e HSBC Bank.<\/p>\n<p>Com garantia de at\u00e9 95% fornecida pela MIGA, a opera\u00e7\u00e3o recebe classifica\u00e7\u00e3o de risco muito baixa (AAA). Isso porque a ag\u00eancia cobrir\u00e1 at\u00e9 95% de eventuais inadimpl\u00eancias, o que permite ao Banco do Brasil ampliar a oferta de linhas de cr\u00e9dito em moeda estrangeira, al\u00e9m de diversificar as fontes de capta\u00e7\u00e3o de recursos no mercado.<\/p>\n<p>Segundo o Banco do Brasil, as novas linhas de cr\u00e9dito integram o Plano de Transforma\u00e7\u00e3o Ecol\u00f3gica, ao promover o investimento em energias limpas que reduzam o impacto ambiental da produ\u00e7\u00e3o. Al\u00e9m disso, a iniciativa, conforme a institui\u00e7\u00e3o financeira, melhora a competitividade no exterior das micro, pequenas e m\u00e9dias empresas brasileiras no exterior, segmento respons\u00e1vel por 99% dos empreendimentos no pa\u00eds.<\/p>\n<p>Fonte: Ag\u00eancia Brasil<\/p>\n","protected":false},"excerpt":{"rendered":"<p>Recursos t\u00eam garantia de ag\u00eancia do Banco Mundia<\/p>\n","protected":false},"author":9,"featured_media":16326,"comment_status":"closed","ping_status":"closed","sticky":false,"template":"","format":"standard","meta":[],"categories":[2],"tags":[],"_links":{"self":[{"href":"https:\/\/www.confere.org.br\/wordpress\/wp-json\/wp\/v2\/posts\/16325"}],"collection":[{"href":"https:\/\/www.confere.org.br\/wordpress\/wp-json\/wp\/v2\/posts"}],"about":[{"href":"https:\/\/www.confere.org.br\/wordpress\/wp-json\/wp\/v2\/types\/post"}],"author":[{"embeddable":true,"href":"https:\/\/www.confere.org.br\/wordpress\/wp-json\/wp\/v2\/users\/9"}],"replies":[{"embeddable":true,"href":"https:\/\/www.confere.org.br\/wordpress\/wp-json\/wp\/v2\/comments?post=16325"}],"version-history":[{"count":1,"href":"https:\/\/www.confere.org.br\/wordpress\/wp-json\/wp\/v2\/posts\/16325\/revisions"}],"predecessor-version":[{"id":16327,"href":"https:\/\/www.confere.org.br\/wordpress\/wp-json\/wp\/v2\/posts\/16325\/revisions\/16327"}],"wp:featuredmedia":[{"embeddable":true,"href":"https:\/\/www.confere.org.br\/wordpress\/wp-json\/wp\/v2\/media\/16326"}],"wp:attachment":[{"href":"https:\/\/www.confere.org.br\/wordpress\/wp-json\/wp\/v2\/media?parent=16325"}],"wp:term":[{"taxonomy":"category","embeddable":true,"href":"https:\/\/www.confere.org.br\/wordpress\/wp-json\/wp\/v2\/categories?post=16325"},{"taxonomy":"post_tag","embeddable":true,"href":"https:\/\/www.confere.org.br\/wordpress\/wp-json\/wp\/v2\/tags?post=16325"}],"curies":[{"name":"wp","href":"https:\/\/api.w.org\/{rel}","templated":true}]}}