{"id":16342,"date":"2025-06-27T14:16:51","date_gmt":"2025-06-27T17:16:51","guid":{"rendered":"https:\/\/www.confere.org.br\/wordpress\/?p=16342"},"modified":"2025-06-27T14:18:16","modified_gmt":"2025-06-27T17:18:16","slug":"walter-longo-debate-os-impactos-da-inteligencia-artificial-nos-negocios-durante-palestra-no-core-mg","status":"publish","type":"post","link":"https:\/\/www.confere.org.br\/wordpress\/walter-longo-debate-os-impactos-da-inteligencia-artificial-nos-negocios-durante-palestra-no-core-mg\/","title":{"rendered":"Walter Longo debate os impactos da Intelig\u00eancia Artificial nos neg\u00f3cios durante palestra no Core-MG"},"content":{"rendered":"\n\n\n<p>Com audit\u00f3rio lotado, o Conselho Regional dos Representantes Comerciais no Estado de Minas Gerais (Core-MG) recebeu, nesta quinta-feira, dia 26 de junho, o palestrante, empreendedor e especialista em inova\u00e7\u00e3o Walter Longo, para uma reflex\u00e3o profunda sobre os impactos da Intelig\u00eancia Artificial nos neg\u00f3cios de representa\u00e7\u00e3o comercial e na sociedade.<\/p>\n<p>O evento integrou o ciclo de capacita\u00e7\u00e3o e treinamento promovido pelo Sistema Confere\/Cores e reuniu profissionais da \u00e1rea, autoridades do setor e representantes da sociedade civil. O encontro refor\u00e7a o compromisso institucional com o desenvolvimento cont\u00ednuo da categoria e o est\u00edmulo ao pensamento estrat\u00e9gico diante das transforma\u00e7\u00f5es tecnol\u00f3gicas que j\u00e1 moldam o mercado.<\/p>\n<p>Ao longo de sua apresenta\u00e7\u00e3o, Walter Longo abordou temas como a automatiza\u00e7\u00e3o dos processos de venda, a personaliza\u00e7\u00e3o do atendimento ao cliente com base em dados, a reconfigura\u00e7\u00e3o dos modelos de prospec\u00e7\u00e3o e a necessidade de adapta\u00e7\u00e3o dos representantes comerciais a um novo perfil de consumidor mais informado e conectado.<\/p>\n<p>\u201cA Intelig\u00eancia Artificial n\u00e3o vai substituir os representantes comerciais, mas certamente substituir\u00e1 quem n\u00e3o souber utiliz\u00e1-la a seu favor\u201d, destacou Longo. Segundo ele, a tecnologia deve ser vista como aliada, e n\u00e3o como amea\u00e7a, especialmente em um setor que exige flexibilidade, intelig\u00eancia emocional e capacidade de construir relacionamentos.<\/p>\n<p>O presidente do Core-MG, Antonio Jos\u00e9 Maciel Ribeiro refor\u00e7ou a import\u00e2ncia de iniciativas como essa:<\/p>\n<p>\u201cTrazer um nome de refer\u00eancia nacional para falar sobre inova\u00e7\u00e3o \u00e9 parte da miss\u00e3o do Sistema Confere\/Cores de preparar os profissionais para os desafios do presente e do futuro. Foi um momento enriquecedor para todos n\u00f3s.\u201d<\/p>\n<p>O evento foi realizado na sede do Core-MG, localizada na Av. Bias Fortes, em Belo Horizonte, e contou com apoio do Confere \u2014 Conselho Federal dos Representantes Comerciais.<\/p>\n","protected":false},"excerpt":{"rendered":"<p>Com audit\u00f3rio lotado, o Conselho Regional dos Representantes Comerciais no Estado de Minas Gerais (Core-MG) recebeu, nesta quinta-feira, dia 26 de junho, o palestrante, empreendedor e especialista em inova\u00e7\u00e3o Walter Longo, para uma reflex\u00e3o profunda sobre os impactos da Intelig\u00eancia Artificial nos neg\u00f3cios de representa\u00e7\u00e3o comercial e na sociedade. O evento integrou o ciclo de &hellip; <\/p>\n<p class=\"link-more\"><a href=\"https:\/\/www.confere.org.br\/wordpress\/walter-longo-debate-os-impactos-da-inteligencia-artificial-nos-negocios-durante-palestra-no-core-mg\/\" class=\"more-link\">Continue lendo<span class=\"screen-reader-text\"> &#8220;Walter Longo debate os impactos da Intelig\u00eancia Artificial nos neg\u00f3cios durante palestra no Core-MG&#8221;<\/span><\/a><\/p>\n","protected":false},"author":9,"featured_media":16343,"comment_status":"closed","ping_status":"closed","sticky":false,"template":"","format":"standard","meta":[],"categories":[34,49],"tags":[],"_links":{"self":[{"href":"https:\/\/www.confere.org.br\/wordpress\/wp-json\/wp\/v2\/posts\/16342"}],"collection":[{"href":"https:\/\/www.confere.org.br\/wordpress\/wp-json\/wp\/v2\/posts"}],"about":[{"href":"https:\/\/www.confere.org.br\/wordpress\/wp-json\/wp\/v2\/types\/post"}],"author":[{"embeddable":true,"href":"https:\/\/www.confere.org.br\/wordpress\/wp-json\/wp\/v2\/users\/9"}],"replies":[{"embeddable":true,"href":"https:\/\/www.confere.org.br\/wordpress\/wp-json\/wp\/v2\/comments?post=16342"}],"version-history":[{"count":1,"href":"https:\/\/www.confere.org.br\/wordpress\/wp-json\/wp\/v2\/posts\/16342\/revisions"}],"predecessor-version":[{"id":16344,"href":"https:\/\/www.confere.org.br\/wordpress\/wp-json\/wp\/v2\/posts\/16342\/revisions\/16344"}],"wp:featuredmedia":[{"embeddable":true,"href":"https:\/\/www.confere.org.br\/wordpress\/wp-json\/wp\/v2\/media\/16343"}],"wp:attachment":[{"href":"https:\/\/www.confere.org.br\/wordpress\/wp-json\/wp\/v2\/media?parent=16342"}],"wp:term":[{"taxonomy":"category","embeddable":true,"href":"https:\/\/www.confere.org.br\/wordpress\/wp-json\/wp\/v2\/categories?post=16342"},{"taxonomy":"post_tag","embeddable":true,"href":"https:\/\/www.confere.org.br\/wordpress\/wp-json\/wp\/v2\/tags?post=16342"}],"curies":[{"name":"wp","href":"https:\/\/api.w.org\/{rel}","templated":true}]}}