{"id":16364,"date":"2025-07-01T09:38:16","date_gmt":"2025-07-01T12:38:16","guid":{"rendered":"https:\/\/www.confere.org.br\/wordpress\/?p=16364"},"modified":"2025-08-29T09:29:14","modified_gmt":"2025-08-29T12:29:14","slug":"eleicao-core-sp-trienio-2025-2028%ef%bf%bc","status":"publish","type":"post","link":"https:\/\/www.confere.org.br\/wordpress\/eleicao-core-sp-trienio-2025-2028%ef%bf%bc\/","title":{"rendered":"ELEI\u00c7\u00c3O CORE-SP &#8211; TRI\u00caNIO 2025\/2028"},"content":{"rendered":"\n<p><a href=\"https:\/\/www.confere.org.br\/wordpress\/wp-content\/uploads\/2025\/07\/Resolucao-Eleicao-Core-SP-Direta_editado_ocred.pdf\">Resolu\u00e7\u00e3o n\u00ba 2.150\/2025<\/a> &#8211; Disp\u00f5e sobre o processo eleitoral pelo voto direto para composi\u00e7\u00e3o do Conselho Regional dos Representantes Comerciais no Estado de S\u00e3o Paulo &#8211; Core-SP.<\/p>\n<p><strong>Edital de Convoca\u00e7\u00e3o<\/strong><\/p>\n<p><a href=\"https:\/\/www.confere.org.br\/wordpress\/wp-content\/uploads\/2025\/07\/dou.pdf\">&#8211; Publicado no Di\u00e1rio Oficial da Uni\u00e3o -30.06.2025<\/a><\/p>\n<p><a href=\"https:\/\/www.confere.org.br\/wordpress\/wp-content\/uploads\/2025\/07\/CONFERE-30-06.pdf\">&#8211; Publicado no Jornal Folha de S\u00e3o Paulo\u00a0 &#8211; 30.06.2025<\/a><\/p>\n<p><a href=\"https:\/\/www.confere.org.br\/wordpress\/wp-content\/uploads\/2025\/07\/Regulamento-Eleitoral_editado1.pdf\">Regulamento Eleitoral<\/a><\/p>\n<p><a href=\"https:\/\/www.confere.org.br\/wordpress\/wp-content\/uploads\/2025\/07\/Requerimento-de-Registro-de-Chapa-1.pdf\">Requerimento de Registro de Chapa<\/a><\/p>\n<p><a href=\"https:\/\/www.confere.org.br\/wordpress\/wp-content\/uploads\/2025\/07\/Declaracao-de-Aquiescencia-2.pdf\">Declara\u00e7\u00e3o de Aquiesc\u00eancia<\/a><\/p>\n<p><a href=\"https:\/\/www.confere.org.br\/wordpress\/wp-content\/uploads\/2025\/07\/Ficha-de-Qualificacao-2.pdf\">Ficha de Qualifica\u00e7\u00e3o<\/a><\/p>\n<p><a href=\"https:\/\/www.confere.org.br\/wordpress\/wp-content\/uploads\/2025\/07\/RESOLUCAO-2163.pdf\">Resolu\u00e7\u00e3o n\u00ba 2.163\/2025<\/a> &#8211; Altera a Resolu\u00e7\u00e3o n\u00ba 2.150\/2025 \u2013 Confere, que disp\u00f5e sobre o processo eleitoral pelo voto direto para composi\u00e7\u00e3o do Conselho Regional dos Representantes Comerciais no Estado de S\u00e3o Paulo &#8211; Core-SP, no tri\u00eanio 2025\/2028.<\/p>\n<p><strong>Aviso de Indeferimento de Registro de Chapa<\/strong><\/p>\n<p><a href=\"https:\/\/www.confere.org.br\/wordpress\/wp-content\/uploads\/2025\/07\/DOU-indeferimento.pdf\">&#8211; Publicado no Di\u00e1rio Oficial da Uni\u00e3o &#8211; 21.07.2025<\/a><\/p>\n<p><a href=\"https:\/\/www.confere.org.br\/wordpress\/wp-content\/uploads\/2025\/07\/CONFERE-21-07.pdf\">&#8211; Publicado no Jornal Folha de S\u00e3o Paulo &#8211; 21.07.2025<\/a><\/p>\n<p><strong>Aviso de Registro de Chapa<\/strong><\/p>\n<p><a href=\"https:\/\/www.confere.org.br\/wordpress\/wp-content\/uploads\/2025\/07\/DOU-28-de-julho.pdf\">&#8211; Publicado no Di\u00e1rio Oficial da Uni\u00e3o &#8211; 28.07.2025<\/a><\/p>\n<p><a href=\"https:\/\/www.confere.org.br\/wordpress\/wp-content\/uploads\/2025\/07\/CONFERE-28-07.pdf\">&#8211; Publicado na Folha de S\u00e3o Paulo &#8211; 28.07.2025<\/a><\/p>\n<p><strong>Aviso de Improvimento de Impugna\u00e7\u00e3o de Chapa<\/strong><\/p>\n<p><a href=\"https:\/\/www.confere.org.br\/wordpress\/wp-content\/uploads\/2025\/08\/DOU-11_08.pdf\">&#8211; Publicado no Di\u00e1rio Oficial da Uni\u00e3o &#8211; 11.08.2025<\/a><\/p>\n<p><a href=\"https:\/\/www.confere.org.br\/wordpress\/wp-content\/uploads\/2025\/08\/Folha-de-SP-11-08.pdf\">&#8211; Publicado na Folha de S\u00e3o Paulo &#8211; 11.08.2025<\/a><\/p>\n","protected":false},"excerpt":{"rendered":"<p>Processo Eleitoral para composi\u00e7\u00e3o do Core-SP<\/p>\n","protected":false},"author":3,"featured_media":0,"comment_status":"closed","ping_status":"closed","sticky":false,"template":"","format":"standard","meta":[],"categories":[43],"tags":[],"_links":{"self":[{"href":"https:\/\/www.confere.org.br\/wordpress\/wp-json\/wp\/v2\/posts\/16364"}],"collection":[{"href":"https:\/\/www.confere.org.br\/wordpress\/wp-json\/wp\/v2\/posts"}],"about":[{"href":"https:\/\/www.confere.org.br\/wordpress\/wp-json\/wp\/v2\/types\/post"}],"author":[{"embeddable":true,"href":"https:\/\/www.confere.org.br\/wordpress\/wp-json\/wp\/v2\/users\/3"}],"replies":[{"embeddable":true,"href":"https:\/\/www.confere.org.br\/wordpress\/wp-json\/wp\/v2\/comments?post=16364"}],"version-history":[{"count":10,"href":"https:\/\/www.confere.org.br\/wordpress\/wp-json\/wp\/v2\/posts\/16364\/revisions"}],"predecessor-version":[{"id":16830,"href":"https:\/\/www.confere.org.br\/wordpress\/wp-json\/wp\/v2\/posts\/16364\/revisions\/16830"}],"wp:attachment":[{"href":"https:\/\/www.confere.org.br\/wordpress\/wp-json\/wp\/v2\/media?parent=16364"}],"wp:term":[{"taxonomy":"category","embeddable":true,"href":"https:\/\/www.confere.org.br\/wordpress\/wp-json\/wp\/v2\/categories?post=16364"},{"taxonomy":"post_tag","embeddable":true,"href":"https:\/\/www.confere.org.br\/wordpress\/wp-json\/wp\/v2\/tags?post=16364"}],"curies":[{"name":"wp","href":"https:\/\/api.w.org\/{rel}","templated":true}]}}