{"id":16375,"date":"2025-07-01T10:15:09","date_gmt":"2025-07-01T13:15:09","guid":{"rendered":"https:\/\/www.confere.org.br\/wordpress\/?p=16375"},"modified":"2025-07-01T10:15:10","modified_gmt":"2025-07-01T13:15:10","slug":"2025-resolucao-no-2-150","status":"publish","type":"post","link":"https:\/\/www.confere.org.br\/wordpress\/2025-resolucao-no-2-150\/","title":{"rendered":"2025 &#8211; Resolu\u00e7\u00e3o n\u00ba 2.150"},"content":{"rendered":"\n<p>Disp\u00f5e sobre o processo eleitoral pelo voto direto para composi\u00e7\u00e3o do Conselho Regional dos Representantes Comerciais no Estado de S\u00e3o Paulo &#8211; Core-SP, no tri\u00eanio 2025\/2028.<\/p>\n<p><a href=\"https:\/\/www.confere.org.br\/wordpress\/wp-content\/uploads\/2025\/07\/Resolucao-Eleicao-Core-SP-Direta_editado_ocred.pdf\">https:\/\/www.confere.org.br\/wordpress\/wp-content\/uploads\/2025\/07\/Resolucao-Eleicao-Core-SP-Direta_editado_ocred.pdf<\/a><\/p>\n\n\n\n\n","protected":false},"excerpt":{"rendered":"<p>2.150, Resolu\u00e7\u00e3o, https:\/\/www.confere.org.br\/wordpress\/wp-content\/uploads\/2025\/07\/Resolucao-Eleicao-Core-SP-Direta_editado_ocred.pdf<\/p>\n","protected":false},"author":3,"featured_media":0,"comment_status":"closed","ping_status":"closed","sticky":false,"template":"","format":"standard","meta":[],"categories":[52],"tags":[],"_links":{"self":[{"href":"https:\/\/www.confere.org.br\/wordpress\/wp-json\/wp\/v2\/posts\/16375"}],"collection":[{"href":"https:\/\/www.confere.org.br\/wordpress\/wp-json\/wp\/v2\/posts"}],"about":[{"href":"https:\/\/www.confere.org.br\/wordpress\/wp-json\/wp\/v2\/types\/post"}],"author":[{"embeddable":true,"href":"https:\/\/www.confere.org.br\/wordpress\/wp-json\/wp\/v2\/users\/3"}],"replies":[{"embeddable":true,"href":"https:\/\/www.confere.org.br\/wordpress\/wp-json\/wp\/v2\/comments?post=16375"}],"version-history":[{"count":1,"href":"https:\/\/www.confere.org.br\/wordpress\/wp-json\/wp\/v2\/posts\/16375\/revisions"}],"predecessor-version":[{"id":16376,"href":"https:\/\/www.confere.org.br\/wordpress\/wp-json\/wp\/v2\/posts\/16375\/revisions\/16376"}],"wp:attachment":[{"href":"https:\/\/www.confere.org.br\/wordpress\/wp-json\/wp\/v2\/media?parent=16375"}],"wp:term":[{"taxonomy":"category","embeddable":true,"href":"https:\/\/www.confere.org.br\/wordpress\/wp-json\/wp\/v2\/categories?post=16375"},{"taxonomy":"post_tag","embeddable":true,"href":"https:\/\/www.confere.org.br\/wordpress\/wp-json\/wp\/v2\/tags?post=16375"}],"curies":[{"name":"wp","href":"https:\/\/api.w.org\/{rel}","templated":true}]}}