{"id":16945,"date":"2025-08-29T09:36:49","date_gmt":"2025-08-29T12:36:49","guid":{"rendered":"https:\/\/www.confere.org.br\/wordpress\/?p=16945"},"modified":"2025-09-24T18:27:17","modified_gmt":"2025-09-24T21:27:17","slug":"resolucoes-2","status":"publish","type":"post","link":"https:\/\/www.confere.org.br\/wordpress\/resolucoes-2\/","title":{"rendered":"2025 &#8211; Ato Homologat\u00f3rio n\u00ba 06"},"content":{"rendered":"\n<p>Homologa o resultado da elei\u00e7\u00e3o para composi\u00e7\u00e3o do Conselho Regional dos Representantes Comerciais no Estado de S\u00e3o Paulo &#8211; SP, para o tri\u00eanio 2025\/2028.<\/p>\n\n\n\n<p><a href=\"https:\/\/www.confere.org.br\/wordpress\/wp-content\/uploads\/2025\/08\/Ato_Homologatorio_06_2025.pdf\">https:\/\/www.confere.org.br\/wordpress\/wp-content\/uploads\/2025\/08\/Ato_Homologatorio_06_2025.pdf<\/a><\/p>\n\n\n","protected":false},"excerpt":{"rendered":"<p>06, Ato Homologat\u00f3rio, https:\/\/www.confere.org.br\/wordpress\/wp-content\/uploads\/2025\/08\/Ato_Homologatorio_06_2025.pdf<\/p>\n","protected":false},"author":8,"featured_media":0,"comment_status":"closed","ping_status":"closed","sticky":false,"template":"","format":"standard","meta":[],"categories":[52],"tags":[],"_links":{"self":[{"href":"https:\/\/www.confere.org.br\/wordpress\/wp-json\/wp\/v2\/posts\/16945"}],"collection":[{"href":"https:\/\/www.confere.org.br\/wordpress\/wp-json\/wp\/v2\/posts"}],"about":[{"href":"https:\/\/www.confere.org.br\/wordpress\/wp-json\/wp\/v2\/types\/post"}],"author":[{"embeddable":true,"href":"https:\/\/www.confere.org.br\/wordpress\/wp-json\/wp\/v2\/users\/8"}],"replies":[{"embeddable":true,"href":"https:\/\/www.confere.org.br\/wordpress\/wp-json\/wp\/v2\/comments?post=16945"}],"version-history":[{"count":3,"href":"https:\/\/www.confere.org.br\/wordpress\/wp-json\/wp\/v2\/posts\/16945\/revisions"}],"predecessor-version":[{"id":17119,"href":"https:\/\/www.confere.org.br\/wordpress\/wp-json\/wp\/v2\/posts\/16945\/revisions\/17119"}],"wp:attachment":[{"href":"https:\/\/www.confere.org.br\/wordpress\/wp-json\/wp\/v2\/media?parent=16945"}],"wp:term":[{"taxonomy":"category","embeddable":true,"href":"https:\/\/www.confere.org.br\/wordpress\/wp-json\/wp\/v2\/categories?post=16945"},{"taxonomy":"post_tag","embeddable":true,"href":"https:\/\/www.confere.org.br\/wordpress\/wp-json\/wp\/v2\/tags?post=16945"}],"curies":[{"name":"wp","href":"https:\/\/api.w.org\/{rel}","templated":true}]}}