{"id":16949,"date":"2025-08-29T09:50:56","date_gmt":"2025-08-29T12:50:56","guid":{"rendered":"https:\/\/www.confere.org.br\/wordpress\/?p=16949"},"modified":"2025-08-29T09:50:57","modified_gmt":"2025-08-29T12:50:57","slug":"inflacao-do-aluguel-sobe-036-em-agosto-apos-tres-meses-de-queda","status":"publish","type":"post","link":"https:\/\/www.confere.org.br\/wordpress\/inflacao-do-aluguel-sobe-036-em-agosto-apos-tres-meses-de-queda\/","title":{"rendered":"Infla\u00e7\u00e3o do aluguel sobe 0,36% em agosto, ap\u00f3s tr\u00eas meses de queda"},"content":{"rendered":"\n<p>Depois de tr\u00eas meses de queda, o \u00cdndice Geral de Pre\u00e7os \u2013 Mercado (IGP-M), conhecido como \u201cinfla\u00e7\u00e3o do aluguel\u201d, voltou a ficar positivo e fecha agosto em 0,36%. O dado foi divulgado nesta quinta-feira (28) pelo Instituto Brasileiro de Economia (Ibre) da Funda\u00e7\u00e3o Getulio Vargas (FGV).<\/p>\n<p>Em julho, o IGP-M tinha marcado -0,77%, seguindo dois meses de queda, maio (-0,49%) e junho (-1,67%).<\/p>\n<p>Com o resultado de agosto, o \u00edndice acumula 3,03% nos \u00faltimos 12 meses. Nesta mesma \u00e9poca de 2024, o IGP-M mensal tinha sido de 0,29% e de 4,26% no acumulado de um ano. Em mar\u00e7o de 2025, o indicador chegou a bater 8,58%.<\/p>\n<p>A FGV leva em conta tr\u00eas componentes para apurar o IGP-M. O maior peso \u00e9 o \u00cdndice de Pre\u00e7os ao Produtor Amplo (IPA), que mede a infla\u00e7\u00e3o sentida pelos produtores e responde por 60% do IGP-M cheio.<\/p>\n<h3>Componentes<\/h3>\n<p>Em agosto, o IPA subiu 0,43%, invertendo o comportamento de julho (-1,29%). As principais influ\u00eancias de alta vieram do min\u00e9rio de ferro (6,76%), da soja em gr\u00e3o (3,73%) e da banana (15,03%).<\/p>\n<p>Outro componente do IGP-M \u00e9 o \u00cdndice de Pre\u00e7os ao Consumidor (IPC), que responde por 30% do indicador. Em agosto, o IPC recuou 0,07%. Os itens que mais ajudaram a segurar os pre\u00e7os foram a passagem a\u00e9rea, que caiu 8,56%, a tarifa de eletricidade residencial (-1,97%) e a gasolina (-0,85%).<\/p>\n<p>O recuo do bilhete de avi\u00e3o pode ser explicado pelo fim do per\u00edodo escolar, quando h\u00e1 diminui\u00e7\u00e3o da procura. Em rela\u00e7\u00e3o \u00e0 conta de luz, o al\u00edvio veio por causa do B\u00f4nus de Itaipu \u2500 desconto na conta que beneficiou 80,8 milh\u00f5es de consumidores.<\/p>\n<p>Conforme adiantou a Ag\u00eancia Brasil, a bonifica\u00e7\u00e3o compensou a bandeira tarif\u00e1ria vermelha 2, que adiciona R$ 7,87 na conta e luz a cada 100 Kwh consumidos.<\/p>\n<p>O terceiro componente medido pela FGV \u00e9 o \u00cdndice Nacional de Custo da Constru\u00e7\u00e3o (INCC), que subiu 0,70% no m\u00eas.<\/p>\n<h3>Infla\u00e7\u00e3o do aluguel<\/h3>\n<p>O IGP-M \u00e9 conhecido como infla\u00e7\u00e3o do aluguel porque o acumulado de 12 meses costuma ser base para c\u00e1lculo de reajuste anual de contratos imobili\u00e1rios. Al\u00e9m disso, o indexador \u00e9 utilizado para reajustar algumas tarifas p\u00fablicas e servi\u00e7os essenciais.<\/p>\n<p>A FGV faz a coleta de pre\u00e7os em Belo Horizonte, Bras\u00edlia, Porto Alegre, Recife, Rio de Janeiro, S\u00e3o Paulo e Salvador. O per\u00edodo de levantamento do IGP-M foi 21 de julho a 20 de agosto.<\/p>\n<p>Fonte: Ag\u00eancia Brasil<\/p>\n","protected":false},"excerpt":{"rendered":"<p>IGP-M acumula 3,03% em 12 meses, mostra FGV<\/p>\n","protected":false},"author":9,"featured_media":16950,"comment_status":"closed","ping_status":"closed","sticky":false,"template":"","format":"standard","meta":[],"categories":[2],"tags":[],"_links":{"self":[{"href":"https:\/\/www.confere.org.br\/wordpress\/wp-json\/wp\/v2\/posts\/16949"}],"collection":[{"href":"https:\/\/www.confere.org.br\/wordpress\/wp-json\/wp\/v2\/posts"}],"about":[{"href":"https:\/\/www.confere.org.br\/wordpress\/wp-json\/wp\/v2\/types\/post"}],"author":[{"embeddable":true,"href":"https:\/\/www.confere.org.br\/wordpress\/wp-json\/wp\/v2\/users\/9"}],"replies":[{"embeddable":true,"href":"https:\/\/www.confere.org.br\/wordpress\/wp-json\/wp\/v2\/comments?post=16949"}],"version-history":[{"count":1,"href":"https:\/\/www.confere.org.br\/wordpress\/wp-json\/wp\/v2\/posts\/16949\/revisions"}],"predecessor-version":[{"id":16951,"href":"https:\/\/www.confere.org.br\/wordpress\/wp-json\/wp\/v2\/posts\/16949\/revisions\/16951"}],"wp:featuredmedia":[{"embeddable":true,"href":"https:\/\/www.confere.org.br\/wordpress\/wp-json\/wp\/v2\/media\/16950"}],"wp:attachment":[{"href":"https:\/\/www.confere.org.br\/wordpress\/wp-json\/wp\/v2\/media?parent=16949"}],"wp:term":[{"taxonomy":"category","embeddable":true,"href":"https:\/\/www.confere.org.br\/wordpress\/wp-json\/wp\/v2\/categories?post=16949"},{"taxonomy":"post_tag","embeddable":true,"href":"https:\/\/www.confere.org.br\/wordpress\/wp-json\/wp\/v2\/tags?post=16949"}],"curies":[{"name":"wp","href":"https:\/\/api.w.org\/{rel}","templated":true}]}}