{"id":16952,"date":"2025-08-29T12:17:28","date_gmt":"2025-08-29T15:17:28","guid":{"rendered":"https:\/\/www.confere.org.br\/wordpress\/?p=16952"},"modified":"2025-09-02T09:56:40","modified_gmt":"2025-09-02T12:56:40","slug":"processo-administrativo-de-licitacao-no-11-2025-prestacao-de-servicos-de-consultoria-especializada-de-natureza-predominantemente-intelectual","status":"publish","type":"post","link":"https:\/\/www.confere.org.br\/wordpress\/processo-administrativo-de-licitacao-no-11-2025-prestacao-de-servicos-de-consultoria-especializada-de-natureza-predominantemente-intelectual\/","title":{"rendered":"Processo Administrativo de Contrata\u00e7\u00e3o Direta\u00a0n\u00ba 11\/2025 \u2013 Presta\u00e7\u00e3o de Servi\u00e7os de Consultoria Especializada de natureza predominantemente intelectual"},"content":{"rendered":"\n<ul>\n<li>\n<div class=\"x_elementToProof\" role=\"presentation\"><a id=\"OWAa8fa40ef-d599-70f9-9c2d-2a3fc9b5a3d1\" class=\"x_x_OWAAutoLink\" href=\"https:\/\/www.confere.org.br\/wordpress\/wp-content\/uploads\/2025\/08\/TR___Consultoria_assinado_Final.pdf\" target=\"_blank\" rel=\"noopener\" data-linkindex=\"0\" data-auth=\"NotApplicable\" data-olk-copy-source=\"MessageBody\">Termo de Refer\u00eancia<\/a><\/div>\n<\/li>\n<li>\n<div class=\"x_elementToProof\" role=\"presentation\"><a href=\"https:\/\/www.confere.org.br\/wordpress\/wp-content\/uploads\/2025\/08\/Meta5-Treinamentos-Ltda-Assinado-e-Tarjado.pdf\"><u>Contrato de Presta\u00e7\u00e3o de Servi\u00e7o n\u00ba 11\/2025<\/u><\/a><\/div>\n<\/li>\n<li><a href=\"https:\/\/www.confere.org.br\/wordpress\/wp-content\/uploads\/2025\/08\/Parecer-42-de-2025.pdf\"><span role=\"presentation\"><u>Parecer da Procuradoria n\u00ba 42\/202<\/u><\/span><u>5<\/u><\/a><\/li>\n<li><a href=\"https:\/\/pncp.gov.br\/app\/editais\/34046367000168\/2025\/19\">Contrata\u00e7\u00e3o no PNCP<\/a><\/li>\n<li><a href=\"https:\/\/pncp.gov.br\/app\/contratos\/34046367000168\/2025\/20\">Publica\u00e7\u00e3o do Contrato<\/a><\/li>\n<\/ul>\n\n\n","protected":false},"excerpt":{"rendered":"<p>Termo de Refer\u00eancia Contrato de Presta\u00e7\u00e3o de Servi\u00e7o n\u00ba 11\/2025 Parecer da Procuradoria n\u00ba 42\/2025 Contrata\u00e7\u00e3o no PNCP Publica\u00e7\u00e3o do Contrato<\/p>\n","protected":false},"author":7,"featured_media":0,"comment_status":"closed","ping_status":"closed","sticky":false,"template":"","format":"standard","meta":[],"categories":[55],"tags":[],"_links":{"self":[{"href":"https:\/\/www.confere.org.br\/wordpress\/wp-json\/wp\/v2\/posts\/16952"}],"collection":[{"href":"https:\/\/www.confere.org.br\/wordpress\/wp-json\/wp\/v2\/posts"}],"about":[{"href":"https:\/\/www.confere.org.br\/wordpress\/wp-json\/wp\/v2\/types\/post"}],"author":[{"embeddable":true,"href":"https:\/\/www.confere.org.br\/wordpress\/wp-json\/wp\/v2\/users\/7"}],"replies":[{"embeddable":true,"href":"https:\/\/www.confere.org.br\/wordpress\/wp-json\/wp\/v2\/comments?post=16952"}],"version-history":[{"count":3,"href":"https:\/\/www.confere.org.br\/wordpress\/wp-json\/wp\/v2\/posts\/16952\/revisions"}],"predecessor-version":[{"id":16961,"href":"https:\/\/www.confere.org.br\/wordpress\/wp-json\/wp\/v2\/posts\/16952\/revisions\/16961"}],"wp:attachment":[{"href":"https:\/\/www.confere.org.br\/wordpress\/wp-json\/wp\/v2\/media?parent=16952"}],"wp:term":[{"taxonomy":"category","embeddable":true,"href":"https:\/\/www.confere.org.br\/wordpress\/wp-json\/wp\/v2\/categories?post=16952"},{"taxonomy":"post_tag","embeddable":true,"href":"https:\/\/www.confere.org.br\/wordpress\/wp-json\/wp\/v2\/tags?post=16952"}],"curies":[{"name":"wp","href":"https:\/\/api.w.org\/{rel}","templated":true}]}}