{"id":16958,"date":"2025-09-02T08:43:55","date_gmt":"2025-09-02T11:43:55","guid":{"rendered":"https:\/\/www.confere.org.br\/wordpress\/?p=16958"},"modified":"2025-09-02T08:43:56","modified_gmt":"2025-09-02T11:43:56","slug":"seis-estados-estao-acima-da-media-de-inovacao-do-pais-mostra-ranking","status":"publish","type":"post","link":"https:\/\/www.confere.org.br\/wordpress\/seis-estados-estao-acima-da-media-de-inovacao-do-pais-mostra-ranking\/","title":{"rendered":"Seis estados est\u00e3o acima da m\u00e9dia de inova\u00e7\u00e3o do pa\u00eds, mostra ranking"},"content":{"rendered":"\n<p>O estado de S\u00e3o Paulo ostenta a lideran\u00e7a no ranking de inova\u00e7\u00e3o no pa\u00eds. A posi\u00e7\u00e3o foi revelada pelo \u00cdndice Brasil de Inova\u00e7\u00e3o e Desenvolvimento (Ibid), divulgado pelo Instituto Nacional da Propriedade Industrial (INPI).<\/p>\n<p>Em uma escala de 0 a 1, S\u00e3o Paulo obteve a nota 0,872. Esse desempenho \u00e9 quase tr\u00eas vezes a m\u00e9dia nacional (0,296). Al\u00e9m de S\u00e3o Paulo, cinco estados superam a m\u00e9dia: Santa Catarina (0,449), Paran\u00e1 (0,413), Rio de Janeiro (0,410), Rio Grande do Sul (0,398) e Minas Gerais (0,368).<\/p>\n<p>Os \u00faltimos colocados na classifica\u00e7\u00e3o s\u00e3o Alagoas (0,148), Maranh\u00e3o (0,127) e Acre (0,122).<\/p>\n<p>Desde 2014, quando o \u00edndice passou a ser calculado, S\u00e3o Paulo ocupa o topo. No entanto, nos \u00faltimos anos foi poss\u00edvel ver mudan\u00e7as, como os avan\u00e7os de Santa Catarina e Paran\u00e1.<\/p>\n<p>Em 2015, Santa Catarina era o terceiro colocado, subindo para segundo em 2020 e se mantendo em 2025. J\u00e1 o Paran\u00e1, que era o sexto h\u00e1 cinco anos, figura agora como terceiro mais bem posicionado. O Rio de Janeiro caiu da segunda para a quarta posi\u00e7\u00e3o no intervalo de uma d\u00e9cada.<\/p>\n<h3>&#8220;Leve desconcentra\u00e7\u00e3o&#8221;<\/h3>\n<p>Apesar da lideran\u00e7a de S\u00e3o Paulo, o INPI entende que a inova\u00e7\u00e3o no pa\u00eds apresenta \u201cleve desconcentra\u00e7\u00e3o\u201d, com sete estados diminuindo a dist\u00e2ncia para os paulistas: Santa Catarina, Paran\u00e1, Esp\u00edrito Santo, Para\u00edba, Alagoas, Piau\u00ed e Amap\u00e1.<\/p>\n<p>Em 2015, a pontua\u00e7\u00e3o m\u00e9dia das unidades federativas (UF) correspondia a 28% do desempenho de S\u00e3o Paulo. Em 2025, essa propor\u00e7\u00e3o subiu para 29%. Para o INPI, essa din\u00e2mica indica \u201cum leve, mas consistente, movimento de desconcentra\u00e7\u00e3o das atividades inovadoras no pa\u00eds\u201d.<\/p>\n<p>Santa Catarina e Paran\u00e1 foram os destaques, ambos reduziram em seis pontos percentuais a dist\u00e2ncia em rela\u00e7\u00e3o a S\u00e3o Paulo.<\/p>\n<p>Na ocasi\u00e3o da divulga\u00e7\u00e3o do \u00edndice, na \u00faltima sexta-feira (29), durante o evento Startup Summit, em Florian\u00f3polis, o economista-chefe do INPI, Rodrigo Ventura, ressaltou que o Ibid mostra, nos \u00faltimos 10 anos, a &#8220;nova geografia da inova\u00e7\u00e3o brasileira&#8221;.<\/p>\n<p>&#8220;A inova\u00e7\u00e3o deixou de ser exclusividade dos grandes centros e se espalhou para outras regi\u00f5es, atraindo investimentos e impulsionando novos neg\u00f3cios. Estamos vendo o avan\u00e7o do empreendedorismo e o surgimento de polos de startups [empresas com potencial de inova\u00e7\u00e3o e grande uso de tecnologia] em todo o Brasil, fortalecendo esse processo de desconcentra\u00e7\u00e3o produtiva&#8221;, comentou.<\/p>\n<h3>Metodologia<\/h3>\n<p>Ligado ao Minist\u00e9rio do Desenvolvimento, Ind\u00fastria, Com\u00e9rcio e Servi\u00e7os (Mdic), o INPI \u00e9 o \u00f3rg\u00e3o respons\u00e1vel por registrar os pedidos de patentes no pa\u00eds.<\/p>\n<p>O \u00edndice criado pelo instituto leva em considera\u00e7\u00e3o uma s\u00e9rie de quesitos ligados a inova\u00e7\u00e3o e desenvolvimento, como institui\u00e7\u00f5es, capital humano, infraestrutura, economia, neg\u00f3cios, conhecimento e tecnologia e economia criativa.<\/p>\n<p>Dentro desses pilares, h\u00e1 subdivis\u00f5es que avaliam quest\u00f5es relacionadas a cr\u00e9dito, investimentos, educa\u00e7\u00e3o, ambiente regulat\u00f3rio, sustentabilidade, cria\u00e7\u00e3o de conhecimento, ativos intang\u00edveis, entre outros.<\/p>\n<h3>Brasil no mundo<\/h3>\n<p>O Ibid foi inspirado no \u00cdndice Global de Inova\u00e7\u00e3o (IGI), da Organiza\u00e7\u00e3o Mundial da Propriedade Intelectual (OMPI). Na edi\u00e7\u00e3o mais recente do IGI, de 2024, o Brasil \u00e9 o 50\u00ba de 133 pa\u00edses. Em 2023, era o 49%.<br \/>Apesar do recuo de um ano para o outro, o pa\u00eds registra avan\u00e7o de 20 posi\u00e7\u00f5es desde 2015. Ao ocupar a posi\u00e7\u00e3o 50\u00aa, o Brasil figura como a principal na\u00e7\u00e3o latino-americana, \u00e0 frente de Chile (51\u00ba) e M\u00e9xico (56\u00ba).<\/p>\n<p>Fonte: Ag\u00eancia Brasil<\/p>\n","protected":false},"excerpt":{"rendered":"<p>Regi\u00f5es Sul e Sudeste se destacam na compara\u00e7\u00e3o<\/p>\n","protected":false},"author":9,"featured_media":16959,"comment_status":"closed","ping_status":"closed","sticky":false,"template":"","format":"standard","meta":[],"categories":[2],"tags":[],"_links":{"self":[{"href":"https:\/\/www.confere.org.br\/wordpress\/wp-json\/wp\/v2\/posts\/16958"}],"collection":[{"href":"https:\/\/www.confere.org.br\/wordpress\/wp-json\/wp\/v2\/posts"}],"about":[{"href":"https:\/\/www.confere.org.br\/wordpress\/wp-json\/wp\/v2\/types\/post"}],"author":[{"embeddable":true,"href":"https:\/\/www.confere.org.br\/wordpress\/wp-json\/wp\/v2\/users\/9"}],"replies":[{"embeddable":true,"href":"https:\/\/www.confere.org.br\/wordpress\/wp-json\/wp\/v2\/comments?post=16958"}],"version-history":[{"count":1,"href":"https:\/\/www.confere.org.br\/wordpress\/wp-json\/wp\/v2\/posts\/16958\/revisions"}],"predecessor-version":[{"id":16960,"href":"https:\/\/www.confere.org.br\/wordpress\/wp-json\/wp\/v2\/posts\/16958\/revisions\/16960"}],"wp:featuredmedia":[{"embeddable":true,"href":"https:\/\/www.confere.org.br\/wordpress\/wp-json\/wp\/v2\/media\/16959"}],"wp:attachment":[{"href":"https:\/\/www.confere.org.br\/wordpress\/wp-json\/wp\/v2\/media?parent=16958"}],"wp:term":[{"taxonomy":"category","embeddable":true,"href":"https:\/\/www.confere.org.br\/wordpress\/wp-json\/wp\/v2\/categories?post=16958"},{"taxonomy":"post_tag","embeddable":true,"href":"https:\/\/www.confere.org.br\/wordpress\/wp-json\/wp\/v2\/tags?post=16958"}],"curies":[{"name":"wp","href":"https:\/\/api.w.org\/{rel}","templated":true}]}}