{"id":16971,"date":"2025-09-05T09:11:44","date_gmt":"2025-09-05T12:11:44","guid":{"rendered":"https:\/\/www.confere.org.br\/wordpress\/?p=16971"},"modified":"2025-09-05T09:11:45","modified_gmt":"2025-09-05T12:11:45","slug":"balanca-comercial-tem-saldo-positivo-de-us-61-bi-em-agosto","status":"publish","type":"post","link":"https:\/\/www.confere.org.br\/wordpress\/balanca-comercial-tem-saldo-positivo-de-us-61-bi-em-agosto\/","title":{"rendered":"Balan\u00e7a comercial tem saldo positivo de US$ 6,1 bi em agosto"},"content":{"rendered":"\n<p>A balan\u00e7a comercial brasileira fechou o m\u00eas de agosto com super\u00e1vit de US$ 6,133 bilh\u00f5es, segundo balan\u00e7o divulgado hoje (4) pelo Minist\u00e9rio do Desenvolvimento, Ind\u00fastria, Com\u00e9rcio e Servi\u00e7os (MDIC). No m\u00eas passado, as exporta\u00e7\u00f5es somaram US$ 29,861 bilh\u00f5es, enquanto as importa\u00e7\u00f5es ficaram US$ 23,728 bilh\u00f5es. Com isso, a corrente de com\u00e9rcio de ficou em US$ 53,589 bilh\u00f5es no m\u00eas passado.<\/p>\n<p>No ano, as exporta\u00e7\u00f5es totalizam US$ 227,583 bilh\u00f5es e as importa\u00e7\u00f5es, US$ 184,771 bilh\u00f5es, com saldo positivo de US$ 42,812 bilh\u00f5es e corrente de com\u00e9rcio de US$ 412,354 bilh\u00f5es. Segundo o minist\u00e9rio, na compara\u00e7\u00e3o com o m\u00eas de agosto de 2024, as exporta\u00e7\u00f5es apresentaram um crescimento de 3,9%. No mesmo m\u00eas do ano passado, o pa\u00eds exportou o total de US$ 28,74 bilh\u00f5es.<\/p>\n<p>Na compara\u00e7\u00e3o com o mesmo m\u00eas do ano passado, o crescimento da agropecu\u00e1ria de US$ 0,51 bilh\u00f5es ( 8,3%) ; de US$ 0,74 bilh\u00f5es na Ind\u00fastria extrativa ( 11,3%) e queda de US$ -0,14 bilh\u00f5es em produtos da Ind\u00fastria de transforma\u00e7\u00e3o (-0,9%).<\/p>\n<p>J\u00e1 em rela\u00e7\u00e3o \u00e0s importa\u00e7\u00f5es houve queda de 2% na compara\u00e7\u00e3o entre o m\u00eas de agosto do ano passado, quando o volume ficou em US$ 24,22 bilh\u00f5es. O desempenho da agropecu\u00e1ria foi praticamente nulo, ficando em 0,4%. A ind\u00fastria extrativa apresentou crescimento de US$ 0,37 bilh\u00f5es (26,5%) e queda de US$ -0,85 bilh\u00f5es (-3,8%) em produtos da Ind\u00fastria de transforma\u00e7\u00e3o.<\/p>\n<p>Segundo o MDIC, as exporta\u00e7\u00f5es, no m\u00eas de agosto, apresentaram crescimento expressivo de 11% para o Reino Unido, de 43,82% para o M\u00e9xico; de 40,37% para a Argentina; de 31% para a China e de 58% para a \u00cdndia.<\/p>\n<p>As maiores quedas registradas foram de 43,8% para a B\u00e9lgica; de 31,3% para a Espanha; de 30,44% para a Coreia do Sul e de 17,1% para Singapura.<\/p>\n<p>Em rela\u00e7\u00e3o aos Estados Unidos, o m\u00eas registrou uma queda de 18,5% no volume de exporta\u00e7\u00f5es. Os dados chamam aten\u00e7\u00e3o para o min\u00e9rio de ferro que apresentou uma queda de 100%, com nenhuma exporta\u00e7\u00e3o para os Estados Unidos.<\/p>\n<p>A maior queda foi nas vendas de aeronaves e partes de aeronaves, que tiveram uma redu\u00e7\u00e3o de 84,9%. Em seguida o a\u00e7\u00facar com queda de 88,4% e motores e m\u00e1quinas n\u00e3o el\u00e9tricos que tiveram redu\u00e7\u00e3o de 60,9%.<\/p>\n<p>J\u00e1 a carne bovina fresca teve queda de 46,2%; m\u00e1quinas de energia el\u00e9trica com redu\u00e7\u00e3o de 45,6%; celulose teve redu\u00e7\u00e3o de 22,7%, produtos semiacabados de ferro e a\u00e7o, com queda percentual de queda 23,4%; \u00f3leos combust\u00edveis com queda de 37%; e madeira que registrou queda nas exporta\u00e7\u00f5es de 39,9%.<\/p>\n<p>De acordo com o diretor de Estat\u00edsticas e Estudos de Com\u00e9rcio Exterior, Herlon Brand\u00e3o, a queda ocorreu em raz\u00e3o da antecipa\u00e7\u00e3o nas vendas, em julho, antes do in\u00edcio do tarifa\u00e7o aplicado pelo governo de Donald Trump.<\/p>\n<p>\u201cAtribuo isso muito \u00e0 antecipa\u00e7\u00e3o que ocorreu em julho, quando houve uma carta no dia 9 de julho afirmando que as tarifas iam aumentar em 50% para o Brasil e isso gerou incerteza entre os exportadores e tivemos crescimento das exporta\u00e7\u00f5es para os Estados Unidos de 7%\u201d, explicou.<\/p>\n<p>Fonte: Ag\u00eancia Brasil<\/p>\n","protected":false},"excerpt":{"rendered":"<p>Exporta\u00e7\u00f5es somaram US$ 29,861 bi e importa\u00e7\u00f5es US$ 23,728 bi<\/p>\n","protected":false},"author":9,"featured_media":16972,"comment_status":"closed","ping_status":"closed","sticky":false,"template":"","format":"standard","meta":[],"categories":[2],"tags":[],"_links":{"self":[{"href":"https:\/\/www.confere.org.br\/wordpress\/wp-json\/wp\/v2\/posts\/16971"}],"collection":[{"href":"https:\/\/www.confere.org.br\/wordpress\/wp-json\/wp\/v2\/posts"}],"about":[{"href":"https:\/\/www.confere.org.br\/wordpress\/wp-json\/wp\/v2\/types\/post"}],"author":[{"embeddable":true,"href":"https:\/\/www.confere.org.br\/wordpress\/wp-json\/wp\/v2\/users\/9"}],"replies":[{"embeddable":true,"href":"https:\/\/www.confere.org.br\/wordpress\/wp-json\/wp\/v2\/comments?post=16971"}],"version-history":[{"count":1,"href":"https:\/\/www.confere.org.br\/wordpress\/wp-json\/wp\/v2\/posts\/16971\/revisions"}],"predecessor-version":[{"id":16973,"href":"https:\/\/www.confere.org.br\/wordpress\/wp-json\/wp\/v2\/posts\/16971\/revisions\/16973"}],"wp:featuredmedia":[{"embeddable":true,"href":"https:\/\/www.confere.org.br\/wordpress\/wp-json\/wp\/v2\/media\/16972"}],"wp:attachment":[{"href":"https:\/\/www.confere.org.br\/wordpress\/wp-json\/wp\/v2\/media?parent=16971"}],"wp:term":[{"taxonomy":"category","embeddable":true,"href":"https:\/\/www.confere.org.br\/wordpress\/wp-json\/wp\/v2\/categories?post=16971"},{"taxonomy":"post_tag","embeddable":true,"href":"https:\/\/www.confere.org.br\/wordpress\/wp-json\/wp\/v2\/tags?post=16971"}],"curies":[{"name":"wp","href":"https:\/\/api.w.org\/{rel}","templated":true}]}}