{"id":16974,"date":"2025-09-05T11:29:54","date_gmt":"2025-09-05T14:29:54","guid":{"rendered":"https:\/\/www.confere.org.br\/wordpress\/?p=16974"},"modified":"2025-09-19T10:31:43","modified_gmt":"2025-09-19T13:31:43","slug":"dispensa-eletronica-no-90-012-2025-aquisicao-de-porta-crachas-e-prismas-de-mesa","status":"publish","type":"post","link":"https:\/\/www.confere.org.br\/wordpress\/dispensa-eletronica-no-90-012-2025-aquisicao-de-porta-crachas-e-prismas-de-mesa\/","title":{"rendered":"Dispensa Eletr\u00f4nica N\u00ba 90.012\/2025\u00a0&#8211; Aquisi\u00e7\u00e3o de Porta-crach\u00e1s e Prismas de Mesa"},"content":{"rendered":"\n<ul data-editing-info=\"{&quot;orderedStyleType&quot;:1,&quot;unorderedStyleType&quot;:1}\">\n<li>\n<div class=\"x_elementToProof\" role=\"presentation\" data-olk-copy-source=\"MessageBody\">Processo SEI 00.000095\/2025<\/div>\n<\/li>\n<li>\n<div role=\"presentation\"><a href=\"https:\/\/www.confere.org.br\/wordpress\/wp-content\/uploads\/2025\/09\/TR_retificado-1.pdf\" target=\"_blank\" rel=\"noopener\">Termo de Refer\u00eancia<\/a><\/div>\n<\/li>\n<li>\n<div class=\"x_elementToProof\" role=\"presentation\">Link PNCP:\u00a0<a id=\"LPlnk200980\" class=\"x_OWAAutoLink\" title=\"https:\/\/pncp.gov.br\/app\/editais\/34046367000168\/2025\/21\" href=\"https:\/\/pncp.gov.br\/app\/editais\/34046367000168\/2025\/21\" target=\"_blank\" rel=\"noopener noreferrer\" data-auth=\"NotApplicable\" data-linkindex=\"0\">https:\/\/pncp.gov.br\/app\/editais\/34046367000168\/2025\/21<\/a><\/div>\n<\/li>\n<li>\n<div role=\"presentation\"><a href=\"https:\/\/www.confere.org.br\/wordpress\/wp-content\/uploads\/2025\/09\/DESPACHO_TR_PRISMA_E_PORTA.pdf\" target=\"_blank\" rel=\"noopener\">Autoriza\u00e7\u00e3o do\u00a0Ordenador de Despesa<\/a><\/div>\n<\/li>\n<li>\n<div class=\"x_elementToProof\" role=\"presentation\">Data da sess\u00e3o: 11\/09\/2025<\/div>\n<\/li>\n<li><a href=\"https:\/\/www.confere.org.br\/wordpress\/wp-content\/uploads\/2025\/09\/relatorio_dispensa_3890470.pdf\" target=\"_blank\" rel=\"noopener\"><span data-olk-copy-source=\"MessageBody\">15\/09\/2025 &#8211; RELAT\u00d3RIO HOMOLOGADO<\/span><\/a><\/li>\n<\/ul>\n<div class=\"x_elementToProof\">\u00a0<\/div>\n","protected":false},"excerpt":{"rendered":"<p>Processo SEI 00.000095\/2025 Termo de Refer\u00eancia Link PNCP:\u00a0https:\/\/pncp.gov.br\/app\/editais\/34046367000168\/2025\/21 Autoriza\u00e7\u00e3o do\u00a0Ordenador de Despesa Data da sess\u00e3o: 11\/09\/2025 15\/09\/2025 &#8211; RELAT\u00d3RIO HOMOLOGADO \u00a0<\/p>\n","protected":false},"author":9,"featured_media":0,"comment_status":"closed","ping_status":"closed","sticky":false,"template":"","format":"standard","meta":[],"categories":[60],"tags":[],"_links":{"self":[{"href":"https:\/\/www.confere.org.br\/wordpress\/wp-json\/wp\/v2\/posts\/16974"}],"collection":[{"href":"https:\/\/www.confere.org.br\/wordpress\/wp-json\/wp\/v2\/posts"}],"about":[{"href":"https:\/\/www.confere.org.br\/wordpress\/wp-json\/wp\/v2\/types\/post"}],"author":[{"embeddable":true,"href":"https:\/\/www.confere.org.br\/wordpress\/wp-json\/wp\/v2\/users\/9"}],"replies":[{"embeddable":true,"href":"https:\/\/www.confere.org.br\/wordpress\/wp-json\/wp\/v2\/comments?post=16974"}],"version-history":[{"count":2,"href":"https:\/\/www.confere.org.br\/wordpress\/wp-json\/wp\/v2\/posts\/16974\/revisions"}],"predecessor-version":[{"id":17063,"href":"https:\/\/www.confere.org.br\/wordpress\/wp-json\/wp\/v2\/posts\/16974\/revisions\/17063"}],"wp:attachment":[{"href":"https:\/\/www.confere.org.br\/wordpress\/wp-json\/wp\/v2\/media?parent=16974"}],"wp:term":[{"taxonomy":"category","embeddable":true,"href":"https:\/\/www.confere.org.br\/wordpress\/wp-json\/wp\/v2\/categories?post=16974"},{"taxonomy":"post_tag","embeddable":true,"href":"https:\/\/www.confere.org.br\/wordpress\/wp-json\/wp\/v2\/tags?post=16974"}],"curies":[{"name":"wp","href":"https:\/\/api.w.org\/{rel}","templated":true}]}}