{"id":1719,"date":"2019-11-21T10:18:14","date_gmt":"2019-11-21T13:18:14","guid":{"rendered":"http:\/\/www.confere.org.br\/wordpress\/?p=1719"},"modified":"2019-11-21T10:49:40","modified_gmt":"2019-11-21T13:49:40","slug":"processo-no-002-2016-convite-002-2016-contratacao-de-servicos-de-buffet-para-cafe-da-manha-coffee-break-almoco-e-brunch","status":"publish","type":"post","link":"https:\/\/www.confere.org.br\/wordpress\/processo-no-002-2016-convite-002-2016-contratacao-de-servicos-de-buffet-para-cafe-da-manha-coffee-break-almoco-e-brunch\/","title":{"rendered":"Processo de Licita\u00e7\u00e3o n\u00ba 002\/2016 &#8211; Contrata\u00e7\u00e3o de servi\u00e7os de buffet para caf\u00e9 da manh\u00e3, coffee break, almo\u00e7o e brunch"},"content":{"rendered":"\n<p>16\/02\/2016 &#8211; <a rel=\"noreferrer noopener\" aria-label=\"Instrumento Convocat\u00f3rio\u00a0e Anexos  (abre numa nova aba)\" href=\"https:\/\/confere.org.br\/PDF\/processo_n002-2016.pdf\" target=\"_blank\">Instrumento Convocat\u00f3rio\u00a0e Anexos &#8211; n\u00ba 002\/2016 <\/a><\/p>\n","protected":false},"excerpt":{"rendered":"<p>16\/02\/2016 &#8211; Instrumento Convocat\u00f3rio\u00a0e Anexos &#8211; n\u00ba 002\/2016<\/p>\n","protected":false},"author":1,"featured_media":0,"comment_status":"closed","ping_status":"closed","sticky":false,"template":"","format":"standard","meta":[],"categories":[32],"tags":[],"_links":{"self":[{"href":"https:\/\/www.confere.org.br\/wordpress\/wp-json\/wp\/v2\/posts\/1719"}],"collection":[{"href":"https:\/\/www.confere.org.br\/wordpress\/wp-json\/wp\/v2\/posts"}],"about":[{"href":"https:\/\/www.confere.org.br\/wordpress\/wp-json\/wp\/v2\/types\/post"}],"author":[{"embeddable":true,"href":"https:\/\/www.confere.org.br\/wordpress\/wp-json\/wp\/v2\/users\/1"}],"replies":[{"embeddable":true,"href":"https:\/\/www.confere.org.br\/wordpress\/wp-json\/wp\/v2\/comments?post=1719"}],"version-history":[{"count":3,"href":"https:\/\/www.confere.org.br\/wordpress\/wp-json\/wp\/v2\/posts\/1719\/revisions"}],"predecessor-version":[{"id":1743,"href":"https:\/\/www.confere.org.br\/wordpress\/wp-json\/wp\/v2\/posts\/1719\/revisions\/1743"}],"wp:attachment":[{"href":"https:\/\/www.confere.org.br\/wordpress\/wp-json\/wp\/v2\/media?parent=1719"}],"wp:term":[{"taxonomy":"category","embeddable":true,"href":"https:\/\/www.confere.org.br\/wordpress\/wp-json\/wp\/v2\/categories?post=1719"},{"taxonomy":"post_tag","embeddable":true,"href":"https:\/\/www.confere.org.br\/wordpress\/wp-json\/wp\/v2\/tags?post=1719"}],"curies":[{"name":"wp","href":"https:\/\/api.w.org\/{rel}","templated":true}]}}