{"id":1733,"date":"2019-11-21T10:32:14","date_gmt":"2019-11-21T13:32:14","guid":{"rendered":"http:\/\/www.confere.org.br\/wordpress\/?p=1733"},"modified":"2019-11-21T11:09:24","modified_gmt":"2019-11-21T14:09:24","slug":"processo-no-005-2016-convite-005-2016-aquisicao-de-uniformes-para-funcionarios-do-confere","status":"publish","type":"post","link":"https:\/\/www.confere.org.br\/wordpress\/processo-no-005-2016-convite-005-2016-aquisicao-de-uniformes-para-funcionarios-do-confere\/","title":{"rendered":"Processo de Licita\u00e7\u00e3o n\u00ba 005\/2016 &#8211; Aquisi\u00e7\u00e3o de uniformes para funcion\u00e1rios do Confere"},"content":{"rendered":"\n<p>23\/02\/2016 &#8211; <a rel=\"noreferrer noopener\" aria-label=\"Instrumento Convocat\u00f3rio\u00a0e Anexos (abre numa nova aba)\" href=\"https:\/\/confere.org.br\/PDF\/processo_n005-2016.pdf\" target=\"_blank\">Instrumento Convocat\u00f3rio\u00a0e Anexos &#8211; n\u00ba 005\/2016<\/a><\/p>\n\n\n\n<p>01\/03\/2016 &#8211; <a href=\"https:\/\/confere.org.br\/PDF\/processo_n005_2016_2.pdf\" target=\"_blank\" rel=\"noreferrer noopener\" aria-label=\"Instrumento Convocat\u00f3rio e Anexos - n\u00ba 005\/2016 II (abre numa nova aba)\">Instrumento Convocat\u00f3rio e Anexos &#8211; n\u00ba 005\/2016 II<\/a><\/p>\n","protected":false},"excerpt":{"rendered":"<p>23\/02\/2016 &#8211; Instrumento Convocat\u00f3rio\u00a0e Anexos &#8211; n\u00ba 005\/2016 01\/03\/2016 &#8211; Instrumento Convocat\u00f3rio e Anexos &#8211; n\u00ba 005\/2016 II<\/p>\n","protected":false},"author":1,"featured_media":0,"comment_status":"closed","ping_status":"closed","sticky":false,"template":"","format":"standard","meta":[],"categories":[32],"tags":[],"_links":{"self":[{"href":"https:\/\/www.confere.org.br\/wordpress\/wp-json\/wp\/v2\/posts\/1733"}],"collection":[{"href":"https:\/\/www.confere.org.br\/wordpress\/wp-json\/wp\/v2\/posts"}],"about":[{"href":"https:\/\/www.confere.org.br\/wordpress\/wp-json\/wp\/v2\/types\/post"}],"author":[{"embeddable":true,"href":"https:\/\/www.confere.org.br\/wordpress\/wp-json\/wp\/v2\/users\/1"}],"replies":[{"embeddable":true,"href":"https:\/\/www.confere.org.br\/wordpress\/wp-json\/wp\/v2\/comments?post=1733"}],"version-history":[{"count":4,"href":"https:\/\/www.confere.org.br\/wordpress\/wp-json\/wp\/v2\/posts\/1733\/revisions"}],"predecessor-version":[{"id":1765,"href":"https:\/\/www.confere.org.br\/wordpress\/wp-json\/wp\/v2\/posts\/1733\/revisions\/1765"}],"wp:attachment":[{"href":"https:\/\/www.confere.org.br\/wordpress\/wp-json\/wp\/v2\/media?parent=1733"}],"wp:term":[{"taxonomy":"category","embeddable":true,"href":"https:\/\/www.confere.org.br\/wordpress\/wp-json\/wp\/v2\/categories?post=1733"},{"taxonomy":"post_tag","embeddable":true,"href":"https:\/\/www.confere.org.br\/wordpress\/wp-json\/wp\/v2\/tags?post=1733"}],"curies":[{"name":"wp","href":"https:\/\/api.w.org\/{rel}","templated":true}]}}