{"id":1755,"date":"2019-11-21T11:03:08","date_gmt":"2019-11-21T14:03:08","guid":{"rendered":"http:\/\/www.confere.org.br\/wordpress\/?p=1755"},"modified":"2019-11-21T11:03:09","modified_gmt":"2019-11-21T14:03:09","slug":"o-que-e-o-confere","status":"publish","type":"post","link":"https:\/\/www.confere.org.br\/wordpress\/o-que-e-o-confere\/","title":{"rendered":"O que \u00e9 o Confere?"},"content":{"rendered":"\n<p>O Conselho Federal dos Representantes Comerciais (Confere) \u00e9 a entidade m\u00e1xima do Sistema Confere\/Cores, que regula e normatiza os Conselhos Regionais nos Estados da Federa\u00e7\u00e3o, com a atribui\u00e7\u00e3o institucional de fiscalizar o exerc\u00edcio da atividade de Representa\u00e7\u00e3o Comercial. <\/p>\n","protected":false},"excerpt":{"rendered":"<p>O Conselho Federal dos Representantes Comerciais (Confere) \u00e9 a entidade m\u00e1xima do Sistema Confere\/Cores, que regula e normatiza os Conselhos Regionais nos Estados da Federa\u00e7\u00e3o, com a atribui\u00e7\u00e3o institucional de fiscalizar o exerc\u00edcio da atividade de Representa\u00e7\u00e3o Comercial.<\/p>\n","protected":false},"author":3,"featured_media":0,"comment_status":"closed","ping_status":"open","sticky":false,"template":"","format":"standard","meta":[],"categories":[30],"tags":[],"_links":{"self":[{"href":"https:\/\/www.confere.org.br\/wordpress\/wp-json\/wp\/v2\/posts\/1755"}],"collection":[{"href":"https:\/\/www.confere.org.br\/wordpress\/wp-json\/wp\/v2\/posts"}],"about":[{"href":"https:\/\/www.confere.org.br\/wordpress\/wp-json\/wp\/v2\/types\/post"}],"author":[{"embeddable":true,"href":"https:\/\/www.confere.org.br\/wordpress\/wp-json\/wp\/v2\/users\/3"}],"replies":[{"embeddable":true,"href":"https:\/\/www.confere.org.br\/wordpress\/wp-json\/wp\/v2\/comments?post=1755"}],"version-history":[{"count":1,"href":"https:\/\/www.confere.org.br\/wordpress\/wp-json\/wp\/v2\/posts\/1755\/revisions"}],"predecessor-version":[{"id":1757,"href":"https:\/\/www.confere.org.br\/wordpress\/wp-json\/wp\/v2\/posts\/1755\/revisions\/1757"}],"wp:attachment":[{"href":"https:\/\/www.confere.org.br\/wordpress\/wp-json\/wp\/v2\/media?parent=1755"}],"wp:term":[{"taxonomy":"category","embeddable":true,"href":"https:\/\/www.confere.org.br\/wordpress\/wp-json\/wp\/v2\/categories?post=1755"},{"taxonomy":"post_tag","embeddable":true,"href":"https:\/\/www.confere.org.br\/wordpress\/wp-json\/wp\/v2\/tags?post=1755"}],"curies":[{"name":"wp","href":"https:\/\/api.w.org\/{rel}","templated":true}]}}