{"id":17701,"date":"2025-11-11T09:10:03","date_gmt":"2025-11-11T12:10:03","guid":{"rendered":"https:\/\/www.confere.org.br\/wordpress\/?p=17701"},"modified":"2025-11-11T09:11:40","modified_gmt":"2025-11-11T12:11:40","slug":"bolsa-sobe-pela-14a-vez-seguida-e-ultrapassa-os-155-mil-pontos","status":"publish","type":"post","link":"https:\/\/www.confere.org.br\/wordpress\/bolsa-sobe-pela-14a-vez-seguida-e-ultrapassa-os-155-mil-pontos\/","title":{"rendered":"Bolsa sobe pela 14\u00aa vez seguida e ultrapassa os 155 mil pontos"},"content":{"rendered":"\n<p>Em mais um dia de euforia no mercado financeiro, a bolsa subiu pela 14\u00aa vez seguida e superou a marca dos 155 mil pontos, em um novo recorde.\u00a0O d\u00f3lar caiu para o menor valor desde o fim de setembro, com a expectativa de fim do shutdown (paralisa\u00e7\u00e3o do governo) nos Estados Unidos.<img src=\"https:\/\/agenciabrasil.ebc.com.br\/ebc.png?id=1667035&amp;o=node\" \/><img src=\"https:\/\/agenciabrasil.ebc.com.br\/ebc.gif?id=1667035&amp;o=node\" \/><\/p>\n<p>O \u00edndice Ibovespa, da B3, encerrou esta segunda-feira (10) aos 155.257 pontos, com alta de 0,77%. Em alta durante toda a sess\u00e3o, a bolsa brasileira foi impulsionada principalmente por a\u00e7\u00f5es de petroleiras, mineradoras e bancos. O indicador bateu recorde pela 11\u00ba vez consecutiva e est\u00e1 perto de igualar a sequ\u00eancia de 15 altas entre maio de junho de 1994, pouco antes do Plano Real.<\/p>\n<p>Com alta de 3,82% apenas em outubro, a bolsa brasileira sobe 29,08% em 2025. Essa \u00e9 a maior alta anual acumulada desde a valoriza\u00e7\u00e3o de 31,58% registrada em 2019.<\/p>\n<p>No mercado de c\u00e2mbio, o dia tamb\u00e9m foi positivo.\u00a0O d\u00f3lar comercial fechou o dia vendido a R$ 5,307, com recuo de R$ 0,029 (-0,55%).\u00a0A cota\u00e7\u00e3o operou em queda durante toda a sess\u00e3o, mas aprofundou a tend\u00eancia de baixa por volta das 15h, quando se firmou na faixa de R$ 5,30.<\/p>\n<p>A moeda estadunidense est\u00e1 no menor valor desde 23 de setembro, quando tinha fechado em R$ 5,27. A divisa cai 1,36% em novembro e acumula queda de 14,12% em 2025.<\/p>\n<p>Tanto fatores internos como externos contribu\u00edram para a euforia no mercado.\u00a0No cen\u00e1rio internacional, a perspectiva do fim do\u00a0<em>shutdown\u00a0<\/em>nos Estados Unidos, ap\u00f3s um acordo entre os republicanos e a parcela centrista da bancada democrata no Senado, fez as bolsas estadunidenses subirem fortemente e o d\u00f3lar cair em todo o planeta.<\/p>\n<p>No Brasil, o mercado financeiro est\u00e1 sob a expectativa da divulga\u00e7\u00e3o da ata do Comit\u00ea de Pol\u00edtica Monet\u00e1ria (Copom), nesta ter\u00e7a-feira (11), e da infla\u00e7\u00e3o oficial em outubro.\u00a0Os investidores querem analisar o tom do documento para ter pistas de quando o Banco Central (BC) deve come\u00e7ar a baixar a Taxa Selic (juros b\u00e1sicos da economia).<\/p>\n<p>Em rela\u00e7\u00e3o ao \u00cdndice Nacional de Pre\u00e7os ao Consumidor Amplo (IPCA), caso a infla\u00e7\u00e3o em outubro venha mais baixa que o previsto, haver\u00e1 a abertura de espa\u00e7o para o Copom come\u00e7ar a cortar a Selic em janeiro, em vez de mar\u00e7o do pr\u00f3ximo ano. Juros mais baixos estimulam a migra\u00e7\u00e3o de investimentos para a bolsa de valores.<\/p>\n<p><em>* com informa\u00e7\u00f5es da Reuters<\/em><\/p>\n<p>Fonte: Ag\u00eancia Brasil<\/p>\n","protected":false},"excerpt":{"rendered":"<p>D\u00f3lar cai para R$ 5,30 com expectativa de fim de shutdown nos EUA<\/p>\n","protected":false},"author":9,"featured_media":17702,"comment_status":"closed","ping_status":"closed","sticky":false,"template":"","format":"standard","meta":[],"categories":[2],"tags":[],"_links":{"self":[{"href":"https:\/\/www.confere.org.br\/wordpress\/wp-json\/wp\/v2\/posts\/17701"}],"collection":[{"href":"https:\/\/www.confere.org.br\/wordpress\/wp-json\/wp\/v2\/posts"}],"about":[{"href":"https:\/\/www.confere.org.br\/wordpress\/wp-json\/wp\/v2\/types\/post"}],"author":[{"embeddable":true,"href":"https:\/\/www.confere.org.br\/wordpress\/wp-json\/wp\/v2\/users\/9"}],"replies":[{"embeddable":true,"href":"https:\/\/www.confere.org.br\/wordpress\/wp-json\/wp\/v2\/comments?post=17701"}],"version-history":[{"count":2,"href":"https:\/\/www.confere.org.br\/wordpress\/wp-json\/wp\/v2\/posts\/17701\/revisions"}],"predecessor-version":[{"id":17705,"href":"https:\/\/www.confere.org.br\/wordpress\/wp-json\/wp\/v2\/posts\/17701\/revisions\/17705"}],"wp:featuredmedia":[{"embeddable":true,"href":"https:\/\/www.confere.org.br\/wordpress\/wp-json\/wp\/v2\/media\/17702"}],"wp:attachment":[{"href":"https:\/\/www.confere.org.br\/wordpress\/wp-json\/wp\/v2\/media?parent=17701"}],"wp:term":[{"taxonomy":"category","embeddable":true,"href":"https:\/\/www.confere.org.br\/wordpress\/wp-json\/wp\/v2\/categories?post=17701"},{"taxonomy":"post_tag","embeddable":true,"href":"https:\/\/www.confere.org.br\/wordpress\/wp-json\/wp\/v2\/tags?post=17701"}],"curies":[{"name":"wp","href":"https:\/\/api.w.org\/{rel}","templated":true}]}}