{"id":17724,"date":"2025-11-14T11:06:00","date_gmt":"2025-11-14T14:06:00","guid":{"rendered":"https:\/\/www.confere.org.br\/wordpress\/?p=17724"},"modified":"2025-12-01T08:38:54","modified_gmt":"2025-12-01T11:38:54","slug":"ciclo-de-capacitacao-e-treinamento-com-walter-longo-fortaleza-ce","status":"publish","type":"post","link":"https:\/\/www.confere.org.br\/wordpress\/ciclo-de-capacitacao-e-treinamento-com-walter-longo-fortaleza-ce\/","title":{"rendered":"Ciclo de capacita\u00e7\u00e3o e treinamento com Walter Longo: Fortaleza &#8211; CE"},"content":{"rendered":"\n<p>O ciclo de capacita\u00e7\u00e3o e treinamento deste ano continua com Walter Longo, empreendedor, palestrante, professor e especialista em inova\u00e7\u00e3o, neg\u00f3cios e transforma\u00e7\u00e3o digital. Nesta edi\u00e7\u00e3o, o tema ser\u00e1 \u201cEmpresa do Futuro: como ampliar suas chances de sucesso\u201d.<br \/><br \/>O encontro vai explorar as transforma\u00e7\u00f5es que est\u00e3o redefinindo o ambiente empresarial e como l\u00edderes e representantes comerciais podem se preparar para os novos desafios do mercado.<br \/><br \/>Walter Longo, reconhecido por sua vis\u00e3o estrat\u00e9gica e por antecipar tend\u00eancias, trar\u00e1 uma reflex\u00e3o profunda sobre os fatores que determinam o sucesso das empresas na era digital, destacando como a adapta\u00e7\u00e3o, o uso inteligente da tecnologia e a mentalidade inovadora s\u00e3o diferenciais decisivos para prosperar no futuro dos neg\u00f3cios.<\/p>\n<p>Tema: Empresa do futuro &#8211; como ampliar as suas chances de sucesso.<\/p>\n<ul>\n<li>Data: 18 de novembro<\/li>\n<li>Hor\u00e1rio: 13h<\/li>\n<li>Local: Audit\u00f3rio do Sebrae-CE<\/li>\n<li>Endere\u00e7o: Av. Monsenhor Tabosa, 777 &#8211; Centro, Fortaleza &#8211; CE, 60165-065<\/li>\n<\/ul>\n<p>Vagas limitadas! Garanta seu lugar:\u00a0<a href=\"https:\/\/www.confere.org.br\/inscricoes\">clique aqui!<\/a><\/p>\n","protected":false},"excerpt":{"rendered":"<p>O ciclo de capacita\u00e7\u00e3o e treinamento deste ano continua com Walter Longo, empreendedor, palestrante, professor e especialista em inova\u00e7\u00e3o, neg\u00f3cios e transforma\u00e7\u00e3o digital. Nesta edi\u00e7\u00e3o, o tema ser\u00e1 \u201cEmpresa do Futuro: como ampliar suas chances de sucesso\u201d. O encontro vai explorar as transforma\u00e7\u00f5es que est\u00e3o redefinindo o ambiente empresarial e como l\u00edderes e representantes comerciais &hellip; <\/p>\n<p class=\"link-more\"><a href=\"https:\/\/www.confere.org.br\/wordpress\/ciclo-de-capacitacao-e-treinamento-com-walter-longo-fortaleza-ce\/\" class=\"more-link\">Continue lendo<span class=\"screen-reader-text\"> &#8220;Ciclo de capacita\u00e7\u00e3o e treinamento com Walter Longo: Fortaleza &#8211; CE&#8221;<\/span><\/a><\/p>\n","protected":false},"author":9,"featured_media":17725,"comment_status":"closed","ping_status":"closed","sticky":false,"template":"","format":"standard","meta":[],"categories":[34,49],"tags":[],"_links":{"self":[{"href":"https:\/\/www.confere.org.br\/wordpress\/wp-json\/wp\/v2\/posts\/17724"}],"collection":[{"href":"https:\/\/www.confere.org.br\/wordpress\/wp-json\/wp\/v2\/posts"}],"about":[{"href":"https:\/\/www.confere.org.br\/wordpress\/wp-json\/wp\/v2\/types\/post"}],"author":[{"embeddable":true,"href":"https:\/\/www.confere.org.br\/wordpress\/wp-json\/wp\/v2\/users\/9"}],"replies":[{"embeddable":true,"href":"https:\/\/www.confere.org.br\/wordpress\/wp-json\/wp\/v2\/comments?post=17724"}],"version-history":[{"count":2,"href":"https:\/\/www.confere.org.br\/wordpress\/wp-json\/wp\/v2\/posts\/17724\/revisions"}],"predecessor-version":[{"id":17727,"href":"https:\/\/www.confere.org.br\/wordpress\/wp-json\/wp\/v2\/posts\/17724\/revisions\/17727"}],"wp:featuredmedia":[{"embeddable":true,"href":"https:\/\/www.confere.org.br\/wordpress\/wp-json\/wp\/v2\/media\/17725"}],"wp:attachment":[{"href":"https:\/\/www.confere.org.br\/wordpress\/wp-json\/wp\/v2\/media?parent=17724"}],"wp:term":[{"taxonomy":"category","embeddable":true,"href":"https:\/\/www.confere.org.br\/wordpress\/wp-json\/wp\/v2\/categories?post=17724"},{"taxonomy":"post_tag","embeddable":true,"href":"https:\/\/www.confere.org.br\/wordpress\/wp-json\/wp\/v2\/tags?post=17724"}],"curies":[{"name":"wp","href":"https:\/\/api.w.org\/{rel}","templated":true}]}}