{"id":17728,"date":"2025-11-14T11:40:02","date_gmt":"2025-11-14T14:40:02","guid":{"rendered":"https:\/\/www.confere.org.br\/wordpress\/?p=17728"},"modified":"2025-11-14T11:40:02","modified_gmt":"2025-11-14T14:40:02","slug":"core-mg-identidade-em-maos-leva-acolhimento-e-servicos-aos-representantes-comerciais","status":"publish","type":"post","link":"https:\/\/www.confere.org.br\/wordpress\/core-mg-identidade-em-maos-leva-acolhimento-e-servicos-aos-representantes-comerciais\/","title":{"rendered":"Core-MG:\u00a0\u201cIdentidade em M\u00e3os\u201d&#8217; leva acolhimento e servi\u00e7os aos representantes comerciais"},"content":{"rendered":"\n<p>No dia 10 de novembro, o Core-MG promoveu, mais uma edi\u00e7\u00e3o do projeto Identidade em M\u00e3os, iniciativa que tem como objetivo, registrar, orientar, integrar e acolher os novos representantes comerciais no Conselho.<\/p>\n<p>Durante o encontro, os participantes receberam suas Identidades Profissionais e puderam conhecer de forma mais aprofundada a atua\u00e7\u00e3o institucional do Regional. O evento tamb\u00e9m proporcionou um momento de proximidade entre os profissionais e a equipe t\u00e9cnica da institui\u00e7\u00e3o, criando um ambiente de di\u00e1logo, escuta e valoriza\u00e7\u00e3o. Essa integra\u00e7\u00e3o \u00e9 parte fundamental do projeto, que busca fortalecer o v\u00ednculo entre o Conselho e a categoria, desde os primeiros passos do exerc\u00edcio profissional.<\/p>\n<p>A iniciativa \u201cIdentidade em M\u00e3os\u201d segue consolidada como uma a\u00e7\u00e3o estrat\u00e9gica da atual gest\u00e3o, com foco na forma\u00e7\u00e3o de uma classe cada vez mais consciente, informada e comprometida com os princ\u00edpios da representa\u00e7\u00e3o comercial.<\/p>\n<p><img class=\"alignnone size-large wp-image-17729\" src=\"https:\/\/www.confere.org.br\/wordpress\/wp-content\/uploads\/2025\/11\/WhatsApp-Image-2025-11-14-at-11.23.30-1-682x1024.jpeg\" alt=\"\" width=\"640\" height=\"961\" srcset=\"https:\/\/www.confere.org.br\/wordpress\/wp-content\/uploads\/2025\/11\/WhatsApp-Image-2025-11-14-at-11.23.30-1-682x1024.jpeg 682w, https:\/\/www.confere.org.br\/wordpress\/wp-content\/uploads\/2025\/11\/WhatsApp-Image-2025-11-14-at-11.23.30-1-200x300.jpeg 200w, https:\/\/www.confere.org.br\/wordpress\/wp-content\/uploads\/2025\/11\/WhatsApp-Image-2025-11-14-at-11.23.30-1-768x1153.jpeg 768w, https:\/\/www.confere.org.br\/wordpress\/wp-content\/uploads\/2025\/11\/WhatsApp-Image-2025-11-14-at-11.23.30-1-1023x1536.jpeg 1023w, https:\/\/www.confere.org.br\/wordpress\/wp-content\/uploads\/2025\/11\/WhatsApp-Image-2025-11-14-at-11.23.30-1.jpeg 1066w\" sizes=\"(max-width: 640px) 100vw, 640px\" \/><\/p>\n","protected":false},"excerpt":{"rendered":"<p>No dia 10 de novembro, o Core-MG promoveu, mais uma edi\u00e7\u00e3o do projeto Identidade em M\u00e3os, iniciativa que tem como objetivo, registrar, orientar, integrar e acolher os novos representantes comerciais no Conselho. Durante o encontro, os participantes receberam suas Identidades Profissionais e puderam conhecer de forma mais aprofundada a atua\u00e7\u00e3o institucional do Regional. O evento &hellip; <\/p>\n<p class=\"link-more\"><a href=\"https:\/\/www.confere.org.br\/wordpress\/core-mg-identidade-em-maos-leva-acolhimento-e-servicos-aos-representantes-comerciais\/\" class=\"more-link\">Continue lendo<span class=\"screen-reader-text\"> &#8220;Core-MG:\u00a0\u201cIdentidade em M\u00e3os\u201d&#8217; leva acolhimento e servi\u00e7os aos representantes comerciais&#8221;<\/span><\/a><\/p>\n","protected":false},"author":9,"featured_media":17730,"comment_status":"closed","ping_status":"closed","sticky":false,"template":"","format":"standard","meta":[],"categories":[34,49],"tags":[],"_links":{"self":[{"href":"https:\/\/www.confere.org.br\/wordpress\/wp-json\/wp\/v2\/posts\/17728"}],"collection":[{"href":"https:\/\/www.confere.org.br\/wordpress\/wp-json\/wp\/v2\/posts"}],"about":[{"href":"https:\/\/www.confere.org.br\/wordpress\/wp-json\/wp\/v2\/types\/post"}],"author":[{"embeddable":true,"href":"https:\/\/www.confere.org.br\/wordpress\/wp-json\/wp\/v2\/users\/9"}],"replies":[{"embeddable":true,"href":"https:\/\/www.confere.org.br\/wordpress\/wp-json\/wp\/v2\/comments?post=17728"}],"version-history":[{"count":1,"href":"https:\/\/www.confere.org.br\/wordpress\/wp-json\/wp\/v2\/posts\/17728\/revisions"}],"predecessor-version":[{"id":17731,"href":"https:\/\/www.confere.org.br\/wordpress\/wp-json\/wp\/v2\/posts\/17728\/revisions\/17731"}],"wp:featuredmedia":[{"embeddable":true,"href":"https:\/\/www.confere.org.br\/wordpress\/wp-json\/wp\/v2\/media\/17730"}],"wp:attachment":[{"href":"https:\/\/www.confere.org.br\/wordpress\/wp-json\/wp\/v2\/media?parent=17728"}],"wp:term":[{"taxonomy":"category","embeddable":true,"href":"https:\/\/www.confere.org.br\/wordpress\/wp-json\/wp\/v2\/categories?post=17728"},{"taxonomy":"post_tag","embeddable":true,"href":"https:\/\/www.confere.org.br\/wordpress\/wp-json\/wp\/v2\/tags?post=17728"}],"curies":[{"name":"wp","href":"https:\/\/api.w.org\/{rel}","templated":true}]}}