{"id":17732,"date":"2025-11-14T13:41:23","date_gmt":"2025-11-14T16:41:23","guid":{"rendered":"https:\/\/www.confere.org.br\/wordpress\/?p=17732"},"modified":"2025-11-14T13:41:23","modified_gmt":"2025-11-14T16:41:23","slug":"palestra-a-visao-dos-vendedores-campeoes-faz-sucesso-em-mais-uma-cidade-do-interior-paulista","status":"publish","type":"post","link":"https:\/\/www.confere.org.br\/wordpress\/palestra-a-visao-dos-vendedores-campeoes-faz-sucesso-em-mais-uma-cidade-do-interior-paulista\/","title":{"rendered":"Palestra &#8220;A Vis\u00e3o dos Vendedores Campe\u00f5es&#8221; faz sucesso em mais uma cidade do interior paulista"},"content":{"rendered":"\n<p>Na noite desta segunda-feira (10), o audit\u00f3rio do Gran Continental Hotel, em Taubat\u00e9, foi palco da oitava apresenta\u00e7\u00e3o da palestra &#8220;A Vis\u00e3o dos Vendedores Campe\u00f5es&#8221;, ministrada pelo especialista em vendas, Cesar Galindo.<\/p>\n<p>Os participantes do evento receberam as boas-vindas do diretor-presidente do Core-SP, Jos\u00e9 Luiz Abrantes Pereira, al\u00e9m de conhecerem um pouco da rotina do Setor Jur\u00eddico e ficar a par da import\u00e2ncia de cumprir requisitos legais para atuar de maneira \u00e9tica e transparente. Afinal, isso garante o acesso \u00e0 direitos e a outros servi\u00e7os, como o Balc\u00e3o de Oportunidades, que conectam empresas a profissionais de representa\u00e7\u00e3o comercial, e o Programa de Benef\u00edcios, uma iniciativa por meio da qual os profissionais, com registro regular e ativo, podem obter descontos e condi\u00e7\u00f5es especiais na aquisi\u00e7\u00e3o de uma s\u00e9rie de produtos e servi\u00e7os.<\/p>\n<p>Ap\u00f3s a abordagem desses t\u00f3picos, Galindo entrou em cena e detalhou os atributos necess\u00e1rios para que cada venda se transforme em um resultado positivo.<\/p>\n<p>A t\u00e9cnica consiste em equilibrar o uso de novas tecnologias, que colaboram para melhorar a entrega de produtos, a partir da obten\u00e7\u00e3o e do cruzamento de informa\u00e7\u00f5es dos clientes, com habilidades emocionais, como a escuta e a capacidade de fazer perguntas.<\/p>\n<p>Foi uma noite proveitosa, em que os representantes comerciais foram incentivados a trocar ideias, percep\u00e7\u00f5es a respeito do mercado e saber quais s\u00e3o os pontos fortes e as vulnerabilidades que precisam trabalhar se desejam ter uma trajet\u00f3ria cada vez mais pr\u00f3spera.<br \/><br \/>Este encontro em Taubat\u00e9 marcou tamb\u00e9m a \u00faltima palestra do ano dentro do ciclo Core Cursos, encerrando com chave de ouro uma s\u00e9rie de eventos realizados em 2025.\u00a0<\/p>\n<p><br \/>Ao longo do ano, o ciclo de palestras percorreu importantes cidades paulistas, levando conhecimento e inspira\u00e7\u00e3o para centenas de profissionais. As apresenta\u00e7\u00f5es aconteceram em S\u00e3o Paulo, Franca, Bauru, Mar\u00edlia, Ara\u00e7atuba, Santo Andr\u00e9, Santos e, por fim, Taubat\u00e9. Cada encontro contribuiu para ampliar a vis\u00e3o dos representantes comerciais e refor\u00e7ar o compromisso do Core-SP com a valoriza\u00e7\u00e3o da categoria em diferentes regi\u00f5es do estado.<\/p>\n","protected":false},"excerpt":{"rendered":"<p>Na noite desta segunda-feira (10), o audit\u00f3rio do Gran Continental Hotel, em Taubat\u00e9, foi palco da oitava apresenta\u00e7\u00e3o da palestra &#8220;A Vis\u00e3o dos Vendedores Campe\u00f5es&#8221;, ministrada pelo especialista em vendas, Cesar Galindo. Os participantes do evento receberam as boas-vindas do diretor-presidente do Core-SP, Jos\u00e9 Luiz Abrantes Pereira, al\u00e9m de conhecerem um pouco da rotina do &hellip; <\/p>\n<p class=\"link-more\"><a href=\"https:\/\/www.confere.org.br\/wordpress\/palestra-a-visao-dos-vendedores-campeoes-faz-sucesso-em-mais-uma-cidade-do-interior-paulista\/\" class=\"more-link\">Continue lendo<span class=\"screen-reader-text\"> &#8220;Palestra &#8220;A Vis\u00e3o dos Vendedores Campe\u00f5es&#8221; faz sucesso em mais uma cidade do interior paulista&#8221;<\/span><\/a><\/p>\n","protected":false},"author":9,"featured_media":17734,"comment_status":"closed","ping_status":"closed","sticky":false,"template":"","format":"standard","meta":[],"categories":[34,49],"tags":[],"_links":{"self":[{"href":"https:\/\/www.confere.org.br\/wordpress\/wp-json\/wp\/v2\/posts\/17732"}],"collection":[{"href":"https:\/\/www.confere.org.br\/wordpress\/wp-json\/wp\/v2\/posts"}],"about":[{"href":"https:\/\/www.confere.org.br\/wordpress\/wp-json\/wp\/v2\/types\/post"}],"author":[{"embeddable":true,"href":"https:\/\/www.confere.org.br\/wordpress\/wp-json\/wp\/v2\/users\/9"}],"replies":[{"embeddable":true,"href":"https:\/\/www.confere.org.br\/wordpress\/wp-json\/wp\/v2\/comments?post=17732"}],"version-history":[{"count":1,"href":"https:\/\/www.confere.org.br\/wordpress\/wp-json\/wp\/v2\/posts\/17732\/revisions"}],"predecessor-version":[{"id":17744,"href":"https:\/\/www.confere.org.br\/wordpress\/wp-json\/wp\/v2\/posts\/17732\/revisions\/17744"}],"wp:featuredmedia":[{"embeddable":true,"href":"https:\/\/www.confere.org.br\/wordpress\/wp-json\/wp\/v2\/media\/17734"}],"wp:attachment":[{"href":"https:\/\/www.confere.org.br\/wordpress\/wp-json\/wp\/v2\/media?parent=17732"}],"wp:term":[{"taxonomy":"category","embeddable":true,"href":"https:\/\/www.confere.org.br\/wordpress\/wp-json\/wp\/v2\/categories?post=17732"},{"taxonomy":"post_tag","embeddable":true,"href":"https:\/\/www.confere.org.br\/wordpress\/wp-json\/wp\/v2\/tags?post=17732"}],"curies":[{"name":"wp","href":"https:\/\/api.w.org\/{rel}","templated":true}]}}