{"id":17745,"date":"2025-11-17T14:37:18","date_gmt":"2025-11-17T17:37:18","guid":{"rendered":"https:\/\/www.confere.org.br\/wordpress\/?p=17745"},"modified":"2025-11-17T14:37:19","modified_gmt":"2025-11-17T17:37:19","slug":"palestra-em-palmas-destaca-impacto-da-inteligencia-artificial-na-representacao-comercial","status":"publish","type":"post","link":"https:\/\/www.confere.org.br\/wordpress\/palestra-em-palmas-destaca-impacto-da-inteligencia-artificial-na-representacao-comercial\/","title":{"rendered":"Palestra em Palmas destaca impacto da Intelig\u00eancia Artificial na Representa\u00e7\u00e3o Comercial"},"content":{"rendered":"\n<p>Em uma noite marcada por reflex\u00e3o e atualiza\u00e7\u00e3o profissional, o Core-TO realizou, na \u00faltima sexta-feira, em Palmas (TO), uma edi\u00e7\u00e3o do ciclo nacional de capacita\u00e7\u00e3o voltado aos representantes comerciais. O palestrante Walter Longo, publicit\u00e1rio, consultor e refer\u00eancia nacional em inova\u00e7\u00e3o e tend\u00eancias de futuro, conduziu o p\u00fablico por uma an\u00e1lise profunda sobre as mudan\u00e7as tecnol\u00f3gicas que j\u00e1 remodelam as negocia\u00e7\u00f5es, o comportamento do consumidor e o posicionamento estrat\u00e9gico dos profissionais de representa\u00e7\u00e3o comercial.<br \/><br \/>\u201cEstamos vivendo um momento \u00fanico, em que a tecnologia amplia a capacidade humana de criar valor. A IA n\u00e3o substitui o representante comercial, ela potencializa quem sabe utiliz\u00e1-la de forma inteligente e estrat\u00e9gica\u201d, afirmou Longo durante a apresenta\u00e7\u00e3o.<br \/><br \/>Para Davi Aparecido Silva Pereira, presidente do Core-TO, trazer um especialista do porte de Walter Longo para Palmas refor\u00e7a o compromisso do Regional com a qualifica\u00e7\u00e3o constante da categoria.<br \/><br \/>\u201cNosso objetivo \u00e9 preparar o representante comercial para um futuro que j\u00e1 chegou. Queremos oferecer conhecimento, ferramentas e vis\u00e3o de mercado para que cada profissional se fortale\u00e7a e ocupe seu espa\u00e7o com mais seguran\u00e7a e competitividade\u201d, destacou.<br \/><br \/>O evento integra o calend\u00e1rio nacional de treinamento e capacita\u00e7\u00e3o promovido pelo Sistema Confere\/Cores em 2025, que percorre diversas cidades com o objetivo de estimular o debate sobre inova\u00e7\u00e3o, \u00e9tica, fiscaliza\u00e7\u00e3o orientativa e o fortalecimento da Representa\u00e7\u00e3o Comercial como atividade essencial para a economia do pa\u00eds.<\/p>\n\n\n","protected":false},"excerpt":{"rendered":"<p>Em uma noite marcada por reflex\u00e3o e atualiza\u00e7\u00e3o profissional, o Core-TO realizou, na \u00faltima sexta-feira, em Palmas (TO), uma edi\u00e7\u00e3o do ciclo nacional de capacita\u00e7\u00e3o voltado aos representantes comerciais. O palestrante Walter Longo, publicit\u00e1rio, consultor e refer\u00eancia nacional em inova\u00e7\u00e3o e tend\u00eancias de futuro, conduziu o p\u00fablico por uma an\u00e1lise profunda sobre as mudan\u00e7as tecnol\u00f3gicas &hellip; <\/p>\n<p class=\"link-more\"><a href=\"https:\/\/www.confere.org.br\/wordpress\/palestra-em-palmas-destaca-impacto-da-inteligencia-artificial-na-representacao-comercial\/\" class=\"more-link\">Continue lendo<span class=\"screen-reader-text\"> &#8220;Palestra em Palmas destaca impacto da Intelig\u00eancia Artificial na Representa\u00e7\u00e3o Comercial&#8221;<\/span><\/a><\/p>\n","protected":false},"author":8,"featured_media":17755,"comment_status":"closed","ping_status":"closed","sticky":false,"template":"","format":"standard","meta":[],"categories":[34,49],"tags":[],"_links":{"self":[{"href":"https:\/\/www.confere.org.br\/wordpress\/wp-json\/wp\/v2\/posts\/17745"}],"collection":[{"href":"https:\/\/www.confere.org.br\/wordpress\/wp-json\/wp\/v2\/posts"}],"about":[{"href":"https:\/\/www.confere.org.br\/wordpress\/wp-json\/wp\/v2\/types\/post"}],"author":[{"embeddable":true,"href":"https:\/\/www.confere.org.br\/wordpress\/wp-json\/wp\/v2\/users\/8"}],"replies":[{"embeddable":true,"href":"https:\/\/www.confere.org.br\/wordpress\/wp-json\/wp\/v2\/comments?post=17745"}],"version-history":[{"count":1,"href":"https:\/\/www.confere.org.br\/wordpress\/wp-json\/wp\/v2\/posts\/17745\/revisions"}],"predecessor-version":[{"id":17756,"href":"https:\/\/www.confere.org.br\/wordpress\/wp-json\/wp\/v2\/posts\/17745\/revisions\/17756"}],"wp:featuredmedia":[{"embeddable":true,"href":"https:\/\/www.confere.org.br\/wordpress\/wp-json\/wp\/v2\/media\/17755"}],"wp:attachment":[{"href":"https:\/\/www.confere.org.br\/wordpress\/wp-json\/wp\/v2\/media?parent=17745"}],"wp:term":[{"taxonomy":"category","embeddable":true,"href":"https:\/\/www.confere.org.br\/wordpress\/wp-json\/wp\/v2\/categories?post=17745"},{"taxonomy":"post_tag","embeddable":true,"href":"https:\/\/www.confere.org.br\/wordpress\/wp-json\/wp\/v2\/tags?post=17745"}],"curies":[{"name":"wp","href":"https:\/\/api.w.org\/{rel}","templated":true}]}}