{"id":17757,"date":"2025-11-18T09:09:36","date_gmt":"2025-11-18T12:09:36","guid":{"rendered":"https:\/\/www.confere.org.br\/wordpress\/?p=17757"},"modified":"2025-11-18T09:09:36","modified_gmt":"2025-11-18T12:09:36","slug":"dolar-sobe-para-r-533-com-espera-de-dados-economicos-nos-eua","status":"publish","type":"post","link":"https:\/\/www.confere.org.br\/wordpress\/dolar-sobe-para-r-533-com-espera-de-dados-economicos-nos-eua\/","title":{"rendered":"D\u00f3lar sobe para R$ 5,33 com espera de dados econ\u00f4micos nos EUA"},"content":{"rendered":"\n<p>Influenciado pelo exterior, o mercado financeiro teve um dia de turbul\u00eancias. O d\u00f3lar ultrapassou os R$ 5,30 e atingiu o maior valor em dez dias. A bolsa de valores caiu e fechou abaixo dos 157 mil pontos.<\/p>\n<p>O d\u00f3lar comercial encerrou esta segunda-feira (17) vendido a R$ 5,331, com alta de R$ 0,035 (+0,66%). A cota\u00e7\u00e3o subiu durante toda a sess\u00e3o, mas disparou nas duas horas finais de negocia\u00e7\u00e3o, at\u00e9 encerrar pr\u00f3xima da m\u00e1xima do dia.<\/p>\n<p>A moeda estadunidense est\u00e1 no maior valor desde o \u00faltimo dia 7. Apesar da alta desta segunda, a divisa acumula queda de 0,91% em novembro e de 13,74% em 2025.<\/p>\n<p>A instabilidade tamb\u00e9m marcou o dia no mercado de a\u00e7\u00f5es. O \u00edndice Ibovespa, da B3, fechou aos 156.993 pontos, com queda de 0,47%. O indicador chegou a cair 0,73% \u00e0s 17h04, mas diminuiu o ritmo de baixa nos minutos finais de negocia\u00e7\u00e3o.<\/p>\n<p>Num dia sem not\u00edcias relevantes no mercado interno, prevaleceram as preocupa\u00e7\u00f5es com os Estados Unidos. Os investidores esperam a divulga\u00e7\u00e3o de dados da economia estadunidense, ap\u00f3s o fim do shutdown (paralisa\u00e7\u00e3o do governo), que durou cerca de 40 dias.<\/p>\n<p>Na quarta-feira (19), o Federal Reserve (Fed, Banco Central estadunidense) divulga a ata da reuni\u00e3o de 29 de outubro. Na quinta (20), saem os dados do emprego nos Estados Unidos. Os dois documentos s\u00e3o aguardados para dar pistas sobre se Banco Central da maior economia do planeta poder\u00e1 cortar os juros b\u00e1sicos em dezembro.<\/p>\n<p>Juros mais baixos em economias avan\u00e7adas estimulam a migra\u00e7\u00e3o de capitais para pa\u00edses emergentes, como o Brasil. No entanto, a ansiedade em torno do apag\u00e3o de dados provocado pelo shutdown tem provocado turbul\u00eancias no mercado financeiro.<\/p>\n<p>* Com informa\u00e7\u00f5es da Reuters<\/p>\n<p>Fonte: Ag\u00eancia Brasil<\/p>\n\n\n","protected":false},"excerpt":{"rendered":"<p>Bolsa cai 0,47% e fica abaixo dos 157 mil pontos<\/p>\n","protected":false},"author":9,"featured_media":17758,"comment_status":"closed","ping_status":"closed","sticky":false,"template":"","format":"standard","meta":[],"categories":[2],"tags":[],"_links":{"self":[{"href":"https:\/\/www.confere.org.br\/wordpress\/wp-json\/wp\/v2\/posts\/17757"}],"collection":[{"href":"https:\/\/www.confere.org.br\/wordpress\/wp-json\/wp\/v2\/posts"}],"about":[{"href":"https:\/\/www.confere.org.br\/wordpress\/wp-json\/wp\/v2\/types\/post"}],"author":[{"embeddable":true,"href":"https:\/\/www.confere.org.br\/wordpress\/wp-json\/wp\/v2\/users\/9"}],"replies":[{"embeddable":true,"href":"https:\/\/www.confere.org.br\/wordpress\/wp-json\/wp\/v2\/comments?post=17757"}],"version-history":[{"count":1,"href":"https:\/\/www.confere.org.br\/wordpress\/wp-json\/wp\/v2\/posts\/17757\/revisions"}],"predecessor-version":[{"id":17759,"href":"https:\/\/www.confere.org.br\/wordpress\/wp-json\/wp\/v2\/posts\/17757\/revisions\/17759"}],"wp:featuredmedia":[{"embeddable":true,"href":"https:\/\/www.confere.org.br\/wordpress\/wp-json\/wp\/v2\/media\/17758"}],"wp:attachment":[{"href":"https:\/\/www.confere.org.br\/wordpress\/wp-json\/wp\/v2\/media?parent=17757"}],"wp:term":[{"taxonomy":"category","embeddable":true,"href":"https:\/\/www.confere.org.br\/wordpress\/wp-json\/wp\/v2\/categories?post=17757"},{"taxonomy":"post_tag","embeddable":true,"href":"https:\/\/www.confere.org.br\/wordpress\/wp-json\/wp\/v2\/tags?post=17757"}],"curies":[{"name":"wp","href":"https:\/\/api.w.org\/{rel}","templated":true}]}}