{"id":17761,"date":"2025-11-19T17:00:36","date_gmt":"2025-11-19T20:00:36","guid":{"rendered":"https:\/\/www.confere.org.br\/wordpress\/?p=17761"},"modified":"2025-11-19T17:00:37","modified_gmt":"2025-11-19T20:00:37","slug":"core-mg-participa-de-reuniao-com-o-trf6-sobre-nova-etapa-da-modernizacao-do-primeiro-grau","status":"publish","type":"post","link":"https:\/\/www.confere.org.br\/wordpress\/core-mg-participa-de-reuniao-com-o-trf6-sobre-nova-etapa-da-modernizacao-do-primeiro-grau\/","title":{"rendered":"Core-MG participa de reuni\u00e3o com o TRF6 sobre nova etapa da moderniza\u00e7\u00e3o do Primeiro Grau"},"content":{"rendered":"\n<p>O Core-MG participou, nesta quarta-feira (19), de uma reuni\u00e3o com o Tribunal Regional Federal da 6\u00aa Regi\u00e3o (TRF6) destinada a apresentar e esclarecer os detalhes da nova etapa do processo de moderniza\u00e7\u00e3o do Primeiro Grau. As diretrizes e altera\u00e7\u00f5es estruturais desta fase foram recentemente divulgadas pela Corregedoria do Tribunal.<\/p>\n<p>As mudan\u00e7as, que entrar\u00e3o em vigor no dia 24 de novembro de 2025, incluem ajustes significativos na tramita\u00e7\u00e3o processual, novas regras de compet\u00eancia, reorganiza\u00e7\u00e3o das unidades com atribui\u00e7\u00e3o criminal, redistribui\u00e7\u00e3o de acervos e redefini\u00e7\u00f5es operacionais necess\u00e1rias para a plena implementa\u00e7\u00e3o do projeto.<\/p>\n<p>A reuni\u00e3o foi conduzida pelo Juiz Federal Lucilio Linhares Perdig\u00e3o de Moraes, que apresentou os principais pontos da moderniza\u00e7\u00e3o. Tamb\u00e9m estiveram presentes representantes da Assessoria da Corregedoria e da equipe de Tecnologia da Informa\u00e7\u00e3o do TRF6.<\/p>\n<p>O Core-MG foi representado por sua equipe jur\u00eddica, que acompanhou as explica\u00e7\u00f5es e destacou a import\u00e2ncia das atualiza\u00e7\u00f5es para o adequado funcionamento das rotinas processuais relacionadas \u00e0 atua\u00e7\u00e3o do Conselho.<\/p>\n<p>De acordo com o Procurador do Core-MG, Pedro Paulo Garcia, as mudan\u00e7as apresentadas pelo TRF6 t\u00eam impacto direto na atua\u00e7\u00e3o dos Conselhos Profissionais e destacou o papel institucional do Core-MG nesse di\u00e1logo: \u201cAo nos anteciparmos \u00e0s mudan\u00e7as e entendermos de forma t\u00e9cnica o novo fluxo processual, conseguimos melhorar a comunica\u00e7\u00e3o com o Judici\u00e1rio e orientar a categoria com mais precis\u00e3o. Essa interlocu\u00e7\u00e3o direta \u00e9 fundamental para que o representante comercial tenha seus direitos assegurados.\u201d<\/p>\n","protected":false},"excerpt":{"rendered":"<p>O Core-MG participou, nesta quarta-feira (19), de uma reuni\u00e3o com o Tribunal Regional Federal da 6\u00aa Regi\u00e3o (TRF6) destinada a apresentar e esclarecer os detalhes da nova etapa do processo de moderniza\u00e7\u00e3o do Primeiro Grau. As diretrizes e altera\u00e7\u00f5es estruturais desta fase foram recentemente divulgadas pela Corregedoria do Tribunal. As mudan\u00e7as, que entrar\u00e3o em vigor &hellip; <\/p>\n<p class=\"link-more\"><a href=\"https:\/\/www.confere.org.br\/wordpress\/core-mg-participa-de-reuniao-com-o-trf6-sobre-nova-etapa-da-modernizacao-do-primeiro-grau\/\" class=\"more-link\">Continue lendo<span class=\"screen-reader-text\"> &#8220;Core-MG participa de reuni\u00e3o com o TRF6 sobre nova etapa da moderniza\u00e7\u00e3o do Primeiro Grau&#8221;<\/span><\/a><\/p>\n","protected":false},"author":9,"featured_media":17762,"comment_status":"closed","ping_status":"closed","sticky":false,"template":"","format":"standard","meta":[],"categories":[34,49],"tags":[],"_links":{"self":[{"href":"https:\/\/www.confere.org.br\/wordpress\/wp-json\/wp\/v2\/posts\/17761"}],"collection":[{"href":"https:\/\/www.confere.org.br\/wordpress\/wp-json\/wp\/v2\/posts"}],"about":[{"href":"https:\/\/www.confere.org.br\/wordpress\/wp-json\/wp\/v2\/types\/post"}],"author":[{"embeddable":true,"href":"https:\/\/www.confere.org.br\/wordpress\/wp-json\/wp\/v2\/users\/9"}],"replies":[{"embeddable":true,"href":"https:\/\/www.confere.org.br\/wordpress\/wp-json\/wp\/v2\/comments?post=17761"}],"version-history":[{"count":1,"href":"https:\/\/www.confere.org.br\/wordpress\/wp-json\/wp\/v2\/posts\/17761\/revisions"}],"predecessor-version":[{"id":17763,"href":"https:\/\/www.confere.org.br\/wordpress\/wp-json\/wp\/v2\/posts\/17761\/revisions\/17763"}],"wp:featuredmedia":[{"embeddable":true,"href":"https:\/\/www.confere.org.br\/wordpress\/wp-json\/wp\/v2\/media\/17762"}],"wp:attachment":[{"href":"https:\/\/www.confere.org.br\/wordpress\/wp-json\/wp\/v2\/media?parent=17761"}],"wp:term":[{"taxonomy":"category","embeddable":true,"href":"https:\/\/www.confere.org.br\/wordpress\/wp-json\/wp\/v2\/categories?post=17761"},{"taxonomy":"post_tag","embeddable":true,"href":"https:\/\/www.confere.org.br\/wordpress\/wp-json\/wp\/v2\/tags?post=17761"}],"curies":[{"name":"wp","href":"https:\/\/api.w.org\/{rel}","templated":true}]}}